{"id":118876,"date":"2025-12-28T02:40:13","date_gmt":"2025-12-28T02:40:13","guid":{"rendered":"https:\/\/www.europesays.com\/se\/118876\/"},"modified":"2025-12-28T02:40:13","modified_gmt":"2025-12-28T02:40:13","slug":"degerstedt-och-treloar-matchvinnare-hemma-mot-bik-karlskoga-falu-kuriren","status":"publish","type":"post","link":"https:\/\/www.europesays.com\/se\/118876\/","title":{"rendered":"Degerstedt och Treloar matchvinnare hemma mot Bik Karlskoga \u2013 Falu-Kuriren"},"content":{"rendered":"<p>En resultatm\u00e4ssigt j\u00e4mn match slutade till slut med seger f\u00f6r Mora som vann matchen hemma mot Bik Karlskoga i hockeyallsvenskan p\u00e5 l\u00f6rdagen. 2\u20131 (1\u20130, 1\u20130, 0\u20131) slutade matchen.<\/p>\n<p>Inf\u00f6r matchen hade Mora 6 raka f\u00f6rluster mot Bik Karlskoga.<\/p>\n<p>Segern var Moras fj\u00e4rde p\u00e5 de senaste fem matcherna.<\/p>\n<p>Arvid Degerstedt gjorde 1\u20130 till Mora efter 5.28.<\/p>\n<p>Efter 1.22 i andra perioden slog Travis Treloar till framspelad av Connor Maceachern och Marcus Karlstr\u00f6m och gjorde 2\u20130.<\/p>\n<p>Oliver Eklind reducerade f\u00f6r Bik Karlskoga tidigt i tredje perioden efter f\u00f6rarbete av Hampus Plato och Noel Frans\u00e9n. Mer \u00e4n s\u00e5 blev det dock inte f\u00f6r Bik Karlskoga.<\/p>\n<p>Det h\u00e4r betyder att Mora ligger kvar p\u00e5 sjunde plats i tabellen och Bik Karlskoga p\u00e5 tredje plats. Mora var elva i tabellen f\u00f6r 16 dagar sedan, men har f\u00e5tt ett lyft.<\/p>\n<p>N\u00e4sta motst\u00e5nd f\u00f6r Mora \u00e4r \u00d6stersunds IK. Lagen m\u00f6ts m\u00e5ndag 29 december 19.00 i \u00d6stersund Arena.<\/p>\n","protected":false},"excerpt":{"rendered":"En resultatm\u00e4ssigt j\u00e4mn match slutade till slut med seger f\u00f6r Mora som vann matchen hemma mot Bik Karlskoga&hellip;\n","protected":false},"author":2,"featured_media":118877,"comment_status":"","ping_status":"","sticky":false,"template":"","format":"standard","meta":{"footnotes":""},"categories":[68],"tags":[34,111,110,31,33,32,30],"class_list":{"0":"post-118876","1":"post","2":"type-post","3":"status-publish","4":"format-standard","5":"has-post-thumbnail","7":"category-sport","8":"tag-se","9":"tag-sport","10":"tag-sports","11":"tag-svenska","12":"tag-sverige","13":"tag-sweden","14":"tag-swedish"},"share_on_mastodon":{"url":"https:\/\/pubeurope.com\/@se\/115794884872816707","error":""},"_links":{"self":[{"href":"https:\/\/www.europesays.com\/se\/wp-json\/wp\/v2\/posts\/118876","targetHints":{"allow":["GET"]}}],"collection":[{"href":"https:\/\/www.europesays.com\/se\/wp-json\/wp\/v2\/posts"}],"about":[{"href":"https:\/\/www.europesays.com\/se\/wp-json\/wp\/v2\/types\/post"}],"author":[{"embeddable":true,"href":"https:\/\/www.europesays.com\/se\/wp-json\/wp\/v2\/users\/2"}],"replies":[{"embeddable":true,"href":"https:\/\/www.europesays.com\/se\/wp-json\/wp\/v2\/comments?post=118876"}],"version-history":[{"count":0,"href":"https:\/\/www.europesays.com\/se\/wp-json\/wp\/v2\/posts\/118876\/revisions"}],"wp:featuredmedia":[{"embeddable":true,"href":"https:\/\/www.europesays.com\/se\/wp-json\/wp\/v2\/media\/118877"}],"wp:attachment":[{"href":"https:\/\/www.europesays.com\/se\/wp-json\/wp\/v2\/media?parent=118876"}],"wp:term":[{"taxonomy":"category","embeddable":true,"href":"https:\/\/www.europesays.com\/se\/wp-json\/wp\/v2\/categories?post=118876"},{"taxonomy":"post_tag","embeddable":true,"href":"https:\/\/www.europesays.com\/se\/wp-json\/wp\/v2\/tags?post=118876"}],"curies":[{"name":"wp","href":"https:\/\/api.w.org\/{rel}","templated":true}]}}