{"id":118882,"date":"2025-12-28T03:12:08","date_gmt":"2025-12-28T03:12:08","guid":{"rendered":"https:\/\/www.europesays.com\/se\/118882\/"},"modified":"2025-12-28T03:12:08","modified_gmt":"2025-12-28T03:12:08","slug":"andrej-sustr-overens-med-kalmar-i-hockeyallsvenskan","status":"publish","type":"post","link":"https:\/\/www.europesays.com\/se\/118882\/","title":{"rendered":"Andrej Sustr \u00f6verens med Kalmar i Hockeyallsvenskan"},"content":{"rendered":"<p>Publicerad 27 dec 2025 kl 23.45<\/p>\n<p>Kalmar tappade Samuel Jonsson till finska ligan.<\/p>\n<p>Men nu fyller det allsvenska topplaget p\u00e5.<\/p>\n<p>Enligt uppgifter till Expressen \u00e4r klubben \u00f6verens med NHL-meriterade Andrej Sustr, 35.<\/p>\n<p><img   alt=\"\"\/><\/p>\n<p>Sustr, h\u00e4r i Bridgeport Islanders<\/p>\n<p>Foto: Cal Sport Media \/ TT NYHETSBYR\u00c5N<\/p>\n<p>\u00d6ppna bild i helsk\u00e4rm<img loading=\"lazy\"   alt=\"\"\/><\/p>\n<p>Sustr i kamp med Henrik Sedin<\/p>\n<p>Foto: CHRIS O&#8217;MEARA \/ AP<\/p>\n<p>\u00d6ppna bild i helsk\u00e4rm<\/p>\n<p>Andrej Sustr spelade World Cup f\u00f6r Tjeckien 2016, och har \u00e4ven spelat en VM-turnering f\u00f6r nationen 2021.<\/p>\n<p>Under de senaste \u00e5ren har NHL, AHL, KHL, DEL, finska ligan, samt hemma i Tjeckien. Den h\u00e4r s\u00e4songen inleddes i Brigdeport Islanders i AHL, men den 7 december kom beskedet att han inte fick vara kvar d\u00e4r.<\/p>\n<p><a href=\"https:\/\/x.com\/AHLIslanders\/status\/1997428509757624818\" data-provider=\"twitter\" class=\"js-social-embed\" rel=\"nofollow\">https:\/\/x.com\/AHLIslanders\/status\/1997428509757624818<\/a>\u00d6verens med Kalmar<\/p>\n<p>Nu \u00e4r det dags f\u00f6r spel i Sverige f\u00f6r den NHL-meriterade tjecken, som spelat 362 NHL-matcher i karri\u00e4r.<\/p>\n<p>Enligt Expressens uppgifter \u00e4r han \u00f6verens med Kalmar, som dessutom ska vara n\u00e4ra ytterligare en spelare, d\u00e5 Daniel Stolt beh\u00f6ver fylla p\u00e5 truppen, n\u00e4r man har drabbats av avbr\u00e4ck under s\u00e4songen.<\/p>\n<p>Samuel Jonsson l\u00e4mnade f\u00f6r spel i Finland, och fram\u00e5t s\u00e5lde klubben AJ Vanderbeck till Pelicans.<\/p>\n<p>Nu f\u00e5r man n\u00f6dv\u00e4ndig p\u00e5fyllning av rutinerade Andrej Sustr p\u00e5 backsidan, och det ska \u00e4ven finnas en diskussion med Giorgio Estephan som varit kontraktsl\u00f6s under s\u00e4songen. H\u00e4r finns det dock ingen k\u00e4lla som kunnat bekr\u00e4fta att det \u00e4r en klar v\u00e4rvning.<\/p>\n","protected":false},"excerpt":{"rendered":"Publicerad 27 dec 2025 kl 23.45 Kalmar tappade Samuel Jonsson till finska ligan. Men nu fyller det allsvenska&hellip;\n","protected":false},"author":2,"featured_media":118883,"comment_status":"","ping_status":"","sticky":false,"template":"","format":"standard","meta":{"footnotes":""},"categories":[68],"tags":[3033,34,130,255,111,110,31,33,32,30],"class_list":{"0":"post-118882","1":"post","2":"type-post","3":"status-publish","4":"format-standard","5":"has-post-thumbnail","7":"category-sport","8":"tag-organization-kalmar-hc","9":"tag-se","10":"tag-sections-allsvenskan","11":"tag-sections-ishockey","12":"tag-sport","13":"tag-sports","14":"tag-svenska","15":"tag-sverige","16":"tag-sweden","17":"tag-swedish"},"share_on_mastodon":{"url":"https:\/\/pubeurope.com\/@se\/115795010738648249","error":""},"_links":{"self":[{"href":"https:\/\/www.europesays.com\/se\/wp-json\/wp\/v2\/posts\/118882","targetHints":{"allow":["GET"]}}],"collection":[{"href":"https:\/\/www.europesays.com\/se\/wp-json\/wp\/v2\/posts"}],"about":[{"href":"https:\/\/www.europesays.com\/se\/wp-json\/wp\/v2\/types\/post"}],"author":[{"embeddable":true,"href":"https:\/\/www.europesays.com\/se\/wp-json\/wp\/v2\/users\/2"}],"replies":[{"embeddable":true,"href":"https:\/\/www.europesays.com\/se\/wp-json\/wp\/v2\/comments?post=118882"}],"version-history":[{"count":0,"href":"https:\/\/www.europesays.com\/se\/wp-json\/wp\/v2\/posts\/118882\/revisions"}],"wp:featuredmedia":[{"embeddable":true,"href":"https:\/\/www.europesays.com\/se\/wp-json\/wp\/v2\/media\/118883"}],"wp:attachment":[{"href":"https:\/\/www.europesays.com\/se\/wp-json\/wp\/v2\/media?parent=118882"}],"wp:term":[{"taxonomy":"category","embeddable":true,"href":"https:\/\/www.europesays.com\/se\/wp-json\/wp\/v2\/categories?post=118882"},{"taxonomy":"post_tag","embeddable":true,"href":"https:\/\/www.europesays.com\/se\/wp-json\/wp\/v2\/tags?post=118882"}],"curies":[{"name":"wp","href":"https:\/\/api.w.org\/{rel}","templated":true}]}}