{"id":118889,"date":"2025-12-28T03:28:30","date_gmt":"2025-12-28T03:28:30","guid":{"rendered":"https:\/\/www.europesays.com\/se\/118889\/"},"modified":"2025-12-28T03:28:30","modified_gmt":"2025-12-28T03:28:30","slug":"tre-viktiga-poang-for-arsenal","status":"publish","type":"post","link":"https:\/\/www.europesays.com\/se\/118889\/","title":{"rendered":"Tre viktiga po\u00e4ng f\u00f6r Arsenal"},"content":{"rendered":"<p>Arsenal beh\u00e5ller serieledningen efter hemmaseger mot Brighton med 2-1. Vad f\u00e5r David Rayas superr\u00e4ddning f\u00f6r betydelse n\u00e4r s\u00e4songen summeras i maj?<\/p>\n<p>Det var med kvarten kvar som Arsenal h\u00f6ll p\u00e5 att tappa ledningen. Mintehs rappa skott borde v\u00e4l helt enkelt bara g\u00e5 in, men Raya gjorde en r\u00e4ddning som g\u00f6r att han f\u00f6rtj\u00e4nar gyllene handskar. Att plocka samtliga po\u00e4ng \u00e4r n\u00f6dv\u00e4ndigt s\u00e5 l\u00e4nge som Manchester City och Aston Villa trummar p\u00e5. <\/p>\n<p>Defensiven fick tv\u00e5 nya sm\u00e4llar f\u00f6re avspark, f\u00f6rst n\u00e4r det stod klart att Timber inte var i speldugligt skick och sedan n\u00e4r Calafiori fick kasta in handduken p\u00e5 uppv\u00e4rmningen. Rice tog platsen som h\u00f6gerback och Lewis-Skelly fick snabbt skifta fokus och hoppa in som Calafioris ers\u00e4ttare. <\/p>\n<p>Egentligen borde det inte blivit nerv\u00f6st i den h\u00e4r matchen heller. Arsenal gjorde 1-0 efter en kvart, hade 15-0 i avslut i f\u00f6rsta halvlek och Zubimendi var riktigt n\u00e4ra att klacka in 2-0 strax f\u00f6re paus. Ut\u00f6kningen kom i st\u00e4llet i 52:a minuten. Rice slog en flack h\u00f6rna som Rutter skarvade in i eget m\u00e5l &#8211; i kategorin tjusiga sj\u00e4lvm\u00e5l. <\/p>\n<p>Ayari sk\u00f6t i stolpen i 64:e minuten och Gomez var mest p\u00e5 hugget p\u00e5 returen. 2-1 och nerv i matchen igen. Andra halvlek var ganska r\u00f6rig och bollen hade l\u00e4tt kunna studsa fel en g\u00e5ng. Och s\u00e5 var det Rayas underbara r\u00e4ddning n\u00e4r Minteh klippte till. I 85:e minuten kunde\/borde Martinelli punkterat matchen. <\/p>\n<p>Gl\u00e4dje\u00e4mnen i matchen: <\/p>\n<p>Martin \u00d8degaard gjorde sitt f\u00f6rsta m\u00e5l f\u00f6r s\u00e4songen och en b\u00e4ttre match \u00e4n p\u00e5 mycket l\u00e4nge. Han stundtals fl\u00f6t fram p\u00e5 planen och l\u00e5g bakom mycket. F\u00f6rhoppningsvis \u00e4r han p\u00e5 v\u00e4g tillbaka p\u00e5 allvar. <\/p>\n<p>Gabriel \u00e4r tillbaka. Han hoppade in i 71:a minuten och det k\u00e4nns underbart att se v\u00e4rldens b\u00e4sta mittbackspar p\u00e5 planen igen. <\/p>\n<p>P\u00e5 tisdag avslutar vi spel\u00e5ret 2025 med hemmamatch mot Aston Villa. Vi ska ta revansch efter det som h\u00e4nde senast p\u00e5 Villa Park och vi ska bryta deras segersvit. V\u00e4rt att notera: b\u00e5de Cash och Kamara \u00e4r avst\u00e4ngda efter sina gula kort mot Chelsea. <\/p>\n","protected":false},"excerpt":{"rendered":"Arsenal beh\u00e5ller serieledningen efter hemmaseger mot Brighton med 2-1. Vad f\u00e5r David Rayas superr\u00e4ddning f\u00f6r betydelse n\u00e4r s\u00e4songen&hellip;\n","protected":false},"author":2,"featured_media":118890,"comment_status":"","ping_status":"","sticky":false,"template":"","format":"standard","meta":{"footnotes":""},"categories":[68],"tags":[159,158,157,138,156,165,164,140,34,160,162,111,110,31,161,33,32,30,163],"class_list":{"0":"post-118889","1":"post","2":"type-post","3":"status-publish","4":"format-standard","5":"has-post-thumbnail","7":"category-sport","8":"tag-allsvenskan","9":"tag-fans","10":"tag-fantv","11":"tag-fotboll","12":"tag-hockey","13":"tag-matcher","14":"tag-matchprogram","15":"tag-premier-league","16":"tag-se","17":"tag-serie-a","18":"tag-spelschema","19":"tag-sport","20":"tag-sports","21":"tag-svenska","22":"tag-svenskafans","23":"tag-sverige","24":"tag-sweden","25":"tag-swedish","26":"tag-tabeller"},"share_on_mastodon":{"url":"https:\/\/pubeurope.com\/@se\/115795073636011242","error":""},"_links":{"self":[{"href":"https:\/\/www.europesays.com\/se\/wp-json\/wp\/v2\/posts\/118889","targetHints":{"allow":["GET"]}}],"collection":[{"href":"https:\/\/www.europesays.com\/se\/wp-json\/wp\/v2\/posts"}],"about":[{"href":"https:\/\/www.europesays.com\/se\/wp-json\/wp\/v2\/types\/post"}],"author":[{"embeddable":true,"href":"https:\/\/www.europesays.com\/se\/wp-json\/wp\/v2\/users\/2"}],"replies":[{"embeddable":true,"href":"https:\/\/www.europesays.com\/se\/wp-json\/wp\/v2\/comments?post=118889"}],"version-history":[{"count":0,"href":"https:\/\/www.europesays.com\/se\/wp-json\/wp\/v2\/posts\/118889\/revisions"}],"wp:featuredmedia":[{"embeddable":true,"href":"https:\/\/www.europesays.com\/se\/wp-json\/wp\/v2\/media\/118890"}],"wp:attachment":[{"href":"https:\/\/www.europesays.com\/se\/wp-json\/wp\/v2\/media?parent=118889"}],"wp:term":[{"taxonomy":"category","embeddable":true,"href":"https:\/\/www.europesays.com\/se\/wp-json\/wp\/v2\/categories?post=118889"},{"taxonomy":"post_tag","embeddable":true,"href":"https:\/\/www.europesays.com\/se\/wp-json\/wp\/v2\/tags?post=118889"}],"curies":[{"name":"wp","href":"https:\/\/api.w.org\/{rel}","templated":true}]}}