{"id":118896,"date":"2025-12-28T03:43:14","date_gmt":"2025-12-28T03:43:14","guid":{"rendered":"https:\/\/www.europesays.com\/se\/118896\/"},"modified":"2025-12-28T03:43:14","modified_gmt":"2025-12-28T03:43:14","slug":"stormen-johannes-slar-mot-landet","status":"publish","type":"post","link":"https:\/\/www.europesays.com\/se\/118896\/","title":{"rendered":"Stormen Johannes sl\u00e5r mot landet"},"content":{"rendered":"<p>Djurparken bommade igen: &#8221;Tr\u00e4d som bl\u00e5st ner&#8221;<\/p>\n<p><img decoding=\"async\" itemprop=\"image\" src=\"https:\/\/www.europesays.com\/se\/wp-content\/uploads\/2025\/12\/578bf28b-c1d0-4f7f-a3d0-13499f0f4539.jpeg\" class=\"fr-fic fr-dib\" loading=\"lazy\" alt=\"Uppladdad bild\"\/><\/p>\n<p>Foto: Vildriket\/Pressbild<\/p>\n<p id=\"isPasted\">Stormen Johannes har under dagen slagit h\u00e5rt mot H\u00e4lsingland och \u00e4ven p\u00e5verkat djurparken Vildriket, bel\u00e4gen i J\u00e4rvs\u00f6 i h\u00e4lsingeskogarna.\u00a0<\/p>\n<p>\u2013 Det \u00e4r en del tr\u00e4d som bl\u00e5st ner men inga betydande skador, s\u00e4ger Jens Larsson, vd f\u00f6r Vildriket, som tidigare hette J\u00e4rvzoo.\u00a0<\/p>\n<p>\u2013 Vi har haft personal p\u00e5 plats som har haft koll. Det har varit lite sm\u00e5grejer eftersom saker och ting bl\u00e5st ner men inga st\u00f6rre saker.\u00a0<\/p>\n<p>Parken har djur som bland annat varg, j\u00e4rv, lodjur, fj\u00e4llr\u00e4v, myskoxe, vildren, j\u00e4mtget och en rad olika ugglor och andra f\u00e5glar.\u00a0\u00a0<\/p>\n<p>\u2013 Personalen som \u00e4r p\u00e5 plats bed\u00f6mer om djuren kan vara kvar d\u00e4r de \u00e4r eller beh\u00f6ver flyttas till n\u00e5got bakh\u00e4gn men det har inte varit n\u00e5gra n\u00e4mnv\u00e4rda p\u00e5verkningar, s\u00e4ger Jens Larsson.\u00a0<\/p>\n<p>Eftersom varningarna inf\u00f6r stormen har varit tydliga kunde parken agera tidigt.\u00a0<\/p>\n<p>\u2013 Vi tog beslutet att st\u00e4nga parken f\u00f6r insl\u00e4pp under f\u00f6rmiddagen. Vi hade bevakning p\u00e5 det och beredskap inf\u00f6r i dag eftersom det skulle bl\u00e5sa rej\u00e4lt. \u00a0<\/p>\n","protected":false},"excerpt":{"rendered":"Djurparken bommade igen: &#8221;Tr\u00e4d som bl\u00e5st ner&#8221; Foto: Vildriket\/Pressbild Stormen Johannes har under dagen slagit h\u00e5rt mot H\u00e4lsingland&hellip;\n","protected":false},"author":2,"featured_media":118897,"comment_status":"","ping_status":"","sticky":false,"template":"","format":"standard","meta":{"footnotes":""},"categories":[5],"tags":[22,23,26,27,17,21,24,25,28,29,15,12706,16,18,34,281,31,33,32,30,19,9026,12707,435,4070,20],"class_list":{"0":"post-118896","1":"post","2":"type-post","3":"status-publish","4":"format-standard","5":"has-post-thumbnail","7":"category-rubriker","8":"tag-breaking-news","9":"tag-breakingnews","10":"tag-featured-news","11":"tag-featurednews","12":"tag-headlines","13":"tag-huvudnyheter","14":"tag-latest-news","15":"tag-latestnews","16":"tag-main-news","17":"tag-mainnews","18":"tag-news","19":"tag-newsstory-stormen-johannes","20":"tag-nyheter","21":"tag-rubriker","22":"tag-se","23":"tag-sections-vader","24":"tag-svenska","25":"tag-sverige","26":"tag-sweden","27":"tag-swedish","28":"tag-top-stories","29":"tag-topic-snoovader","30":"tag-topic-snorojning","31":"tag-topic-trafik","32":"tag-topic-trafikolycka","33":"tag-topstories"},"share_on_mastodon":{"url":"https:\/\/pubeurope.com\/@se\/115795132831892787","error":""},"_links":{"self":[{"href":"https:\/\/www.europesays.com\/se\/wp-json\/wp\/v2\/posts\/118896","targetHints":{"allow":["GET"]}}],"collection":[{"href":"https:\/\/www.europesays.com\/se\/wp-json\/wp\/v2\/posts"}],"about":[{"href":"https:\/\/www.europesays.com\/se\/wp-json\/wp\/v2\/types\/post"}],"author":[{"embeddable":true,"href":"https:\/\/www.europesays.com\/se\/wp-json\/wp\/v2\/users\/2"}],"replies":[{"embeddable":true,"href":"https:\/\/www.europesays.com\/se\/wp-json\/wp\/v2\/comments?post=118896"}],"version-history":[{"count":0,"href":"https:\/\/www.europesays.com\/se\/wp-json\/wp\/v2\/posts\/118896\/revisions"}],"wp:featuredmedia":[{"embeddable":true,"href":"https:\/\/www.europesays.com\/se\/wp-json\/wp\/v2\/media\/118897"}],"wp:attachment":[{"href":"https:\/\/www.europesays.com\/se\/wp-json\/wp\/v2\/media?parent=118896"}],"wp:term":[{"taxonomy":"category","embeddable":true,"href":"https:\/\/www.europesays.com\/se\/wp-json\/wp\/v2\/categories?post=118896"},{"taxonomy":"post_tag","embeddable":true,"href":"https:\/\/www.europesays.com\/se\/wp-json\/wp\/v2\/tags?post=118896"}],"curies":[{"name":"wp","href":"https:\/\/api.w.org\/{rel}","templated":true}]}}