{"id":118925,"date":"2025-12-28T05:06:12","date_gmt":"2025-12-28T05:06:12","guid":{"rendered":"https:\/\/www.europesays.com\/se\/118925\/"},"modified":"2025-12-28T05:06:12","modified_gmt":"2025-12-28T05:06:12","slug":"sa-var-pappa-grappas-forsta-ar-i-soderkoping","status":"publish","type":"post","link":"https:\/\/www.europesays.com\/se\/118925\/","title":{"rendered":"S\u00e5 var Pappa Grappas f\u00f6rsta \u00e5r i S\u00f6derk\u00f6ping"},"content":{"rendered":"<p>N\u00e4r Pappa Grappa \u00f6ppnade i v\u00e5ras var f\u00f6rv\u00e4ntningarna h\u00f6ga \u2013 men utfallet blev \u00e4nnu b\u00e4ttre \u00e4n v\u00e4ntat. Sommaren pr\u00e4glades av h\u00f6gt tryck och fulla bord.\u2013 Sommaren har varit fantastisk, vi hade v\u00e5ra f\u00f6rv\u00e4ntningar givetvis men jag tycker att det \u00f6vertr\u00e4ffade alla v\u00e5ra f\u00f6rv\u00e4ntningar. Vi visste att det skulle vara mycket att g\u00f6ra, men inte hur mycket. Vi var egentligen v\u00e4ldi<\/p>\n","protected":false},"excerpt":{"rendered":"N\u00e4r Pappa Grappa \u00f6ppnade i v\u00e5ras var f\u00f6rv\u00e4ntningarna h\u00f6ga \u2013 men utfallet blev \u00e4nnu b\u00e4ttre \u00e4n v\u00e4ntat. Sommaren&hellip;\n","protected":false},"author":2,"featured_media":118926,"comment_status":"","ping_status":"","sticky":false,"template":"","format":"standard","meta":{"footnotes":""},"categories":[65],"tags":[72,70,71,34,31,33,32,30],"class_list":{"0":"post-118925","1":"post","2":"type-post","3":"status-publish","4":"format-standard","5":"has-post-thumbnail","7":"category-ekonomi","8":"tag-business","9":"tag-economy","10":"tag-ekonomi","11":"tag-se","12":"tag-svenska","13":"tag-sverige","14":"tag-sweden","15":"tag-swedish"},"share_on_mastodon":{"url":"https:\/\/pubeurope.com\/@se\/115795458987107849","error":""},"_links":{"self":[{"href":"https:\/\/www.europesays.com\/se\/wp-json\/wp\/v2\/posts\/118925","targetHints":{"allow":["GET"]}}],"collection":[{"href":"https:\/\/www.europesays.com\/se\/wp-json\/wp\/v2\/posts"}],"about":[{"href":"https:\/\/www.europesays.com\/se\/wp-json\/wp\/v2\/types\/post"}],"author":[{"embeddable":true,"href":"https:\/\/www.europesays.com\/se\/wp-json\/wp\/v2\/users\/2"}],"replies":[{"embeddable":true,"href":"https:\/\/www.europesays.com\/se\/wp-json\/wp\/v2\/comments?post=118925"}],"version-history":[{"count":0,"href":"https:\/\/www.europesays.com\/se\/wp-json\/wp\/v2\/posts\/118925\/revisions"}],"wp:featuredmedia":[{"embeddable":true,"href":"https:\/\/www.europesays.com\/se\/wp-json\/wp\/v2\/media\/118926"}],"wp:attachment":[{"href":"https:\/\/www.europesays.com\/se\/wp-json\/wp\/v2\/media?parent=118925"}],"wp:term":[{"taxonomy":"category","embeddable":true,"href":"https:\/\/www.europesays.com\/se\/wp-json\/wp\/v2\/categories?post=118925"},{"taxonomy":"post_tag","embeddable":true,"href":"https:\/\/www.europesays.com\/se\/wp-json\/wp\/v2\/tags?post=118925"}],"curies":[{"name":"wp","href":"https:\/\/api.w.org\/{rel}","templated":true}]}}