{"id":118937,"date":"2025-12-28T05:20:37","date_gmt":"2025-12-28T05:20:37","guid":{"rendered":"https:\/\/www.europesays.com\/se\/118937\/"},"modified":"2025-12-28T05:20:37","modified_gmt":"2025-12-28T05:20:37","slug":"mina-barn-ar-helt-tokiga-i-star-wars-falkopings-tidning","status":"publish","type":"post","link":"https:\/\/www.europesays.com\/se\/118937\/","title":{"rendered":"\u201dMina barn \u00e4r helt tokiga i Star Wars\u201d \u2013 Falk\u00f6pings Tidning"},"content":{"rendered":"<p>Om Falk\u00f6pings Tidning<\/p>\n<p class=\"site-footer__about-text txt-ui txt-ui-2\">Falk\u00f6pings Tidning har f\u00f6rsett kommuninv\u00e5narna med lokala nyheter sedan 1857. Vi levererar lokal journalistik om Falbygden p\u00e5 v\u00e5r sajt och i appen dygnet runt samt genom tidningen tre dagar i veckan. I Falk\u00f6ping \u00e4r det FT som g\u00e5r p\u00e5 djupet, avsl\u00f6jar och rapporterar om det du beh\u00f6ver k\u00e4nna till &#8211; direkt n\u00e4r det h\u00e4nder, d\u00e4r det h\u00e4nder. FT \u00e4r med p\u00e5 Falk\u00f6pings resa fram\u00e5t, i alla skeden i livet &#8211; och lyfter det som g\u00f6r dig glad, uppr\u00f6rd och stolt \u00f6ver din ort.<\/p>\n","protected":false},"excerpt":{"rendered":"Om Falk\u00f6pings Tidning Falk\u00f6pings Tidning har f\u00f6rsett kommuninv\u00e5narna med lokala nyheter sedan 1857. Vi levererar lokal journalistik om&hellip;\n","protected":false},"author":2,"featured_media":118938,"comment_status":"","ping_status":"","sticky":false,"template":"","format":"standard","meta":{"footnotes":""},"categories":[67],"tags":[104,34,31,33,32,30,105],"class_list":{"0":"post-118937","1":"post","2":"type-post","3":"status-publish","4":"format-standard","5":"has-post-thumbnail","7":"category-underhallning","8":"tag-entertainment","9":"tag-se","10":"tag-svenska","11":"tag-sverige","12":"tag-sweden","13":"tag-swedish","14":"tag-underhallning"},"share_on_mastodon":{"url":"https:\/\/pubeurope.com\/@se\/115795514040317586","error":""},"_links":{"self":[{"href":"https:\/\/www.europesays.com\/se\/wp-json\/wp\/v2\/posts\/118937","targetHints":{"allow":["GET"]}}],"collection":[{"href":"https:\/\/www.europesays.com\/se\/wp-json\/wp\/v2\/posts"}],"about":[{"href":"https:\/\/www.europesays.com\/se\/wp-json\/wp\/v2\/types\/post"}],"author":[{"embeddable":true,"href":"https:\/\/www.europesays.com\/se\/wp-json\/wp\/v2\/users\/2"}],"replies":[{"embeddable":true,"href":"https:\/\/www.europesays.com\/se\/wp-json\/wp\/v2\/comments?post=118937"}],"version-history":[{"count":0,"href":"https:\/\/www.europesays.com\/se\/wp-json\/wp\/v2\/posts\/118937\/revisions"}],"wp:featuredmedia":[{"embeddable":true,"href":"https:\/\/www.europesays.com\/se\/wp-json\/wp\/v2\/media\/118938"}],"wp:attachment":[{"href":"https:\/\/www.europesays.com\/se\/wp-json\/wp\/v2\/media?parent=118937"}],"wp:term":[{"taxonomy":"category","embeddable":true,"href":"https:\/\/www.europesays.com\/se\/wp-json\/wp\/v2\/categories?post=118937"},{"taxonomy":"post_tag","embeddable":true,"href":"https:\/\/www.europesays.com\/se\/wp-json\/wp\/v2\/tags?post=118937"}],"curies":[{"name":"wp","href":"https:\/\/api.w.org\/{rel}","templated":true}]}}