{"id":118955,"date":"2025-12-28T05:40:08","date_gmt":"2025-12-28T05:40:08","guid":{"rendered":"https:\/\/www.europesays.com\/se\/118955\/"},"modified":"2025-12-28T05:40:08","modified_gmt":"2025-12-28T05:40:08","slug":"barnfamiljer-blir-vinnare-2026-isk-beloppet-stiger","status":"publish","type":"post","link":"https:\/\/www.europesays.com\/se\/118955\/","title":{"rendered":"Barnfamiljer blir vinnare 2026 \u2013 ISK-beloppet stiger"},"content":{"rendered":"<p>S\u00e4nkta skatter och h\u00f6jda bidrag v\u00e4ntas p\u00e5verka hush\u00e5llen positivt n\u00e4sta \u00e5r, skriver TT.<\/p>\n<p>\u2013 De som f\u00e5r mest i pl\u00e5nboken \u00e4r barnfamiljerna, s\u00e4ger Stefan Westerberg, privatekonom p\u00e5 L\u00e4nsf\u00f6rs\u00e4kringar, till nyhetsbyr\u00e5n.<\/p>\n<p>L\u00e4gre skatt p\u00e5 arbete, el och mat samt s\u00e4nkta avgifter i f\u00f6rskola och fritidshem ger tydlig effekt, enligt Westerberg.<\/p>\n<p>\u00c4ven sparare med ISK l\u00e4r m\u00e4rka av f\u00f6r\u00e4ndringarna n\u00e4r det skattefria beloppet h\u00f6js fr\u00e5n 150\u202f000 till 300\u202f000 kronor.<\/p>\n<p>Omni \u00e4r politiskt obundna och oberoende. Vi str\u00e4var efter att ge fler perspektiv p\u00e5 nyheterna. Har du fr\u00e5gor eller synpunkter kring v\u00e5r rapportering? <a href=\"https:\/\/omni.se\/barnfamiljer-blir-vinnare-2026-isk-beloppet-stiger\/a\/mailto:redaktion@omni.se\" class=\"ArticleActions_contactLink__W2F1M\" rel=\"nofollow noopener\" target=\"_blank\">Kontakta redaktionen<\/a><\/p>\n","protected":false},"excerpt":{"rendered":"S\u00e4nkta skatter och h\u00f6jda bidrag v\u00e4ntas p\u00e5verka hush\u00e5llen positivt n\u00e4sta \u00e5r, skriver TT. \u2013 De som f\u00e5r mest&hellip;\n","protected":false},"author":2,"featured_media":118956,"comment_status":"","ping_status":"","sticky":false,"template":"","format":"standard","meta":{"footnotes":""},"categories":[65],"tags":[72,70,71,806,349,34,31,33,32,30],"class_list":{"0":"post-118955","1":"post","2":"type-post","3":"status-publish","4":"format-standard","5":"has-post-thumbnail","7":"category-ekonomi","8":"tag-business","9":"tag-economy","10":"tag-ekonomi","11":"tag-finanspolitik","12":"tag-privatekonomi","13":"tag-se","14":"tag-svenska","15":"tag-sverige","16":"tag-sweden","17":"tag-swedish"},"share_on_mastodon":{"url":"https:\/\/pubeurope.com\/@se\/115795592719667986","error":""},"_links":{"self":[{"href":"https:\/\/www.europesays.com\/se\/wp-json\/wp\/v2\/posts\/118955","targetHints":{"allow":["GET"]}}],"collection":[{"href":"https:\/\/www.europesays.com\/se\/wp-json\/wp\/v2\/posts"}],"about":[{"href":"https:\/\/www.europesays.com\/se\/wp-json\/wp\/v2\/types\/post"}],"author":[{"embeddable":true,"href":"https:\/\/www.europesays.com\/se\/wp-json\/wp\/v2\/users\/2"}],"replies":[{"embeddable":true,"href":"https:\/\/www.europesays.com\/se\/wp-json\/wp\/v2\/comments?post=118955"}],"version-history":[{"count":0,"href":"https:\/\/www.europesays.com\/se\/wp-json\/wp\/v2\/posts\/118955\/revisions"}],"wp:featuredmedia":[{"embeddable":true,"href":"https:\/\/www.europesays.com\/se\/wp-json\/wp\/v2\/media\/118956"}],"wp:attachment":[{"href":"https:\/\/www.europesays.com\/se\/wp-json\/wp\/v2\/media?parent=118955"}],"wp:term":[{"taxonomy":"category","embeddable":true,"href":"https:\/\/www.europesays.com\/se\/wp-json\/wp\/v2\/categories?post=118955"},{"taxonomy":"post_tag","embeddable":true,"href":"https:\/\/www.europesays.com\/se\/wp-json\/wp\/v2\/tags?post=118955"}],"curies":[{"name":"wp","href":"https:\/\/api.w.org\/{rel}","templated":true}]}}