{"id":118961,"date":"2025-12-28T06:06:19","date_gmt":"2025-12-28T06:06:19","guid":{"rendered":"https:\/\/www.europesays.com\/se\/118961\/"},"modified":"2025-12-28T06:06:19","modified_gmt":"2025-12-28T06:06:19","slug":"danmarks-tredje-storsta-bro-snart-klar","status":"publish","type":"post","link":"https:\/\/www.europesays.com\/se\/118961\/","title":{"rendered":"Danmarks tredje st\u00f6rsta bro snart klar"},"content":{"rendered":"<p class=\"kicker \" style=\"\">ENERGI<\/p>\n<p>\n        Modell av hur den nya Storstr\u00f8msbron \u00e4r konstruerad.<br \/>\n        Foto: Vejdirektoratet\n    <\/p>\n<p>    En dansk bro, f\u00f6rsvarets nya lastbilar med 25 \u00e5r gamla avgaskrav och atomavfall p\u00e5 Atlantens botten. H\u00e4r \u00e4r Ny Tekniks tio mest l\u00e4sta artiklar 2025.<\/p>\n<p> Du har v\u00e4l inte missat Ny Tekniks popul\u00e4raste artiklar under 2025? H\u00e4r \u00e4r \u00e5rets tio-i-topp-lista: <\/p>\n<p>Plats 1: <a href=\"https:\/\/www.nyteknik.se\/fordon\/danmarks-tredje-storsta-bro-ar-snart-klar-behovs-nar-jattetunneln-oppnar-1\/4335977\" target=\"_blank\" rel=\"nofollow noopener\">Danmarks tredje st\u00f6rsta bro snart klar \u2013<br \/>\nbeh\u00f6vs n\u00e4r j\u00e4ttetunneln \u00f6ppnar<\/a><\/p>\n<p>                <img decoding=\"async\" src=\"https:\/\/www.europesays.com\/se\/wp-content\/uploads\/2025\/12\/4335983.webp\" width=\"480\" height=\"274\" title=\"Den nya Storstr\u00f8msbron sedd mot norr i december 2024. Bron \u00e4r cirka fyra kilometer l\u00e5ng.\" alt=\"\" loading=\"lazy\" style=\"\"\/><\/p>\n<p>\n            Den nya Storstr\u00f8msbron sedd mot norr i december 2024. Bron \u00e4r cirka fyra kilometer l\u00e5ng.<br \/>\n            Foto: Vejdirektoratet\n        <\/p>\n<p>Den nya bron heter Storstr\u00f8msbroen och f\u00f6rbinder<br \/>\nSj\u00e4lland och Falster via \u00f6n Masned\u00f8.\u00a0Den byggs av danska Vejdirektoratet<br \/>\noch beh\u00f6vs n\u00e4r v\u00e4rldens l\u00e4ngsta s\u00e4nktunnel f\u00f6r bil och t\u00e5g tas i drift.<\/p>\n<p>Plats 2: <a href=\"https:\/\/www.nyteknik.se\/fordon\/forsvarets-nya-lastbilar-har-25-ar-gamla-avgaskrav-1\/4338843\" target=\"_blank\" rel=\"nofollow noopener\"> F\u00f6rsvarets lastbilar har 25 \u00e5r gamla avgaskrav <\/a> <\/p>\n<p>                <img decoding=\"async\" src=\"https:\/\/www.europesays.com\/se\/wp-content\/uploads\/2025\/12\/4339732.webp\" width=\"480\" height=\"274\" title=\"Jonny Lindfors, arm\u00e9chef\" alt=\"\" loading=\"lazy\" style=\"\"\/><\/p>\n<p>\n            Jonny Lindfors, arm\u00e9chef<br \/>\n            Volvo och Scania\n        <\/p>\n<p>FMV best\u00e4llde lastbilar f\u00f6r 1,4 miljarder fr\u00e5n Volvo<br \/>\noch Scania. Samtliga har dieselmotorer enligt Euro III, en avgasnorm med ett<br \/>\nkvarts sekel p\u00e5 nacken. H\u00e4r kan du l\u00e4sa f\u00f6rklaringen.<\/p>\n<p>\u00a0Plats 3:\u00a0 <a href=\"https:\/\/www.nyteknik.se\/samhalle\/oroande-fynd-forskare-hittar-1-000-tunnor-med-atomavfall-pa-havets-botten\/4376124\" target=\"_blank\" rel=\"nofollow noopener\">Forskare hittar 1000 tunnor atomavfall p\u00e5 Atlantens botten<\/a><\/p>\n<p>                <img decoding=\"async\" src=\"https:\/\/www.europesays.com\/se\/wp-content\/uploads\/2025\/12\/4376138.webp\" width=\"480\" height=\"274\" title=\"F\u00f6r kartl\u00e4ggningen av tunnor med radioaktivt avfall p\u00e5 Atlantens botten har forskarna anv\u00e4nt den autonoma ub\u00e5ten Ulyx fr\u00e5n det franska havsforskningsinstitutet Ifremer.\" alt=\"\" loading=\"lazy\" style=\"\"\/><\/p>\n<p>\n            F\u00f6r kartl\u00e4ggningen av tunnor med radioaktivt avfall p\u00e5 Atlantens botten har forskarna anv\u00e4nt den autonoma ub\u00e5ten Ulyx fr\u00e5n det franska havsforskningsinstitutet Ifremer.<br \/>\n            Foto: Ifremer\n        <\/p>\n<p>Fram till 1993 tros \u00f6ver 200 000 tunnor radioaktivt avfall ha dumpats i kilometerdjupt vatten. Ett franskt forskningsfartyg har hittat en del av dem. <\/p>\n<p>Plats 4: <a href=\"https:\/\/www.nyteknik.se\/nyheter\/volvo-lanserar-nytt-bilbalte-66-ar-efter-trepunktsbaltet-tre-pusselbitar\/4367666\" target=\"_blank\" rel=\"nofollow noopener\">Volvo lanserar nytt bilb\u00e4lte \u2013 66 \u00e5r efter<br \/>\ntrepunktsb\u00e4ltet: \u201dTre pusselbitar\u201d<\/a><\/p>\n<p>                <img decoding=\"async\" src=\"https:\/\/www.europesays.com\/se\/wp-content\/uploads\/2025\/12\/4367672.webp\" width=\"480\" height=\"274\" title=\"Fredrik Heurlin, teknisk chef f\u00f6r interi\u00f6rs\u00e4kerhet p\u00e5 Volvo Cars vid det nya multiadaptiva s\u00e4kerhetsb\u00e4ltet som lanseras med EX60\" alt=\"\" loading=\"lazy\" style=\"\"\/><\/p>\n<p>\n            Fredrik Heurlin, teknisk chef f\u00f6r interi\u00f6rs\u00e4kerhet p\u00e5 Volvo Cars vid det nya multiadaptiva s\u00e4kerhetsb\u00e4ltet som lanseras med EX60<br \/>\n            Felix Bj\u00f6rklund\n        <\/p>\n<p>Volvo uppfinner s\u00e4kerhetsb\u00e4ltet p\u00e5 nytt. I nya EX60<br \/>\ndebuterar ett smart b\u00e4lte som anpassar sig efter kroppen \u2013 i realtid. B\u00e4ltet \u00e4r<br \/>\ndet f\u00f6rsta i sitt slag och blev m\u00f6jlig tack vare tre viktiga tekniska framsteg.<\/p>\n<p>Plats 5: <a href=\"https:\/\/www.nyteknik.se\/nyheter\/radioaktivt-avloppsvatten-och-hundratusentals-oljefat-usa-lamnade-en-tickande-miljobomb\/4349150\" target=\"_blank\" rel=\"nofollow noopener\">Radioaktivt avloppsvatten och hundratusentals<br \/>\noljefat: USA l\u00e4mnade en tickande milj\u00f6bomb<\/a><\/p>\n<p>                <img decoding=\"async\" src=\"https:\/\/www.europesays.com\/se\/wp-content\/uploads\/2025\/12\/4349392.webp\" width=\"480\" height=\"274\" title=\"Kvarl\u00e4mnade oljefat vid tidigare flygf\u00e4lt vid Ikkatteq p\u00e5 syd\u00f6stra Gr\u00f6nland. Bilden \u00e4r fr\u00e5n 2019.\" alt=\"\" loading=\"lazy\" style=\"\"\/><\/p>\n<p>\n            Kvarl\u00e4mnade oljefat vid tidigare flygf\u00e4lt vid Ikkatteq p\u00e5 syd\u00f6stra Gr\u00f6nland. Bilden \u00e4r fr\u00e5n 2019.<br \/>\n            Pbesses\/Wikimedia Commons\n        <\/p>\n<p>Saneringen efter mer \u00e4n 80 \u00e5rs milit\u00e4ra aktiviteter<br \/>\nkan dra ut p\u00e5 tiden. En FN-expert sl\u00e5r fast att f\u00f6rorenaren i princip ska<br \/>\nbetala, men kallar situationen i Gr\u00f6nland f\u00f6r komplicerad.<\/p>\n<p>Plats 6: <a href=\"https:\/\/www.nyteknik.se\/energi\/de-plockade-isar-battericeller-fran-tesla-och-byd-blev-forvanade-av-resultatet-1\/4339570\" target=\"_blank\" rel=\"nofollow noopener\">De plockade is\u00e4r battericeller fr\u00e5n Tesla och<br \/>\nBYD \u2013 blev f\u00f6rv\u00e5nade \u00f6ver resultatet<\/a><\/p>\n<p>                <img decoding=\"async\" src=\"https:\/\/www.europesays.com\/se\/wp-content\/uploads\/2025\/12\/4339767.webp\" width=\"480\" height=\"274\" title=\"B\u00e5de BYD och Tesla har varit sn\u00e5la med att sl\u00e4ppa data om sina batterier\" alt=\"\" loading=\"lazy\" style=\"\"\/><\/p>\n<p>\n            B\u00e5de BYD och Tesla har varit sn\u00e5la med att sl\u00e4ppa data om sina batterier<br \/>\n            Unsplash (montage)\n        <\/p>\n<p>Tyska forskare \u00f6ppnade battericeller fr\u00e5n Tesla och<br \/>\nBYD. Resultatet visar att BYD:s cell \u00e4r billigare och mer effektiv. En detalj i<br \/>\nanoderna \u00f6verraskade forskarna.<\/p>\n<p>Plats 7: <a href=\"https:\/\/www.nyteknik.se\/energi\/intakterna-fran-hembatteriet-slaktades-over-en-natt-forsta-aret-gick-bra\/4334074\" target=\"_blank\" rel=\"nofollow noopener\">Int\u00e4kterna fr\u00e5n hembatteriet slaktades \u2013 \u00f6ver<br \/>\nen natt: \u201dF\u00f6rsta \u00e5ret gick bra\u201d<\/a><\/p>\n<p>                <img decoding=\"async\" src=\"https:\/\/www.europesays.com\/se\/wp-content\/uploads\/2025\/12\/4334334.webp\" width=\"480\" height=\"274\" title=\"Alexander Wennebrink installerade solceller, batteri och laddbox samtidigt.\" alt=\"\" loading=\"lazy\" style=\"\"\/><\/p>\n<p>\n            Alexander Wennebrink installerade solceller, batteri och laddbox samtidigt.<br \/>\n            Alexander Wennebrink\n        <\/p>\n<p>Tusenlapparna rullade in n\u00e4r Alexander Wennebrinks<br \/>\nhembatteri st\u00f6ttade eln\u00e4tet. F\u00f6rsta \u00e5ret. Sen st\u00f6rtd\u00f6k int\u00e4kterna.<\/p>\n<p>Plats 8: <a href=\"https:\/\/www.nyteknik.se\/energi\/intakterna-fran-hembatteriet-slaktades-over-en-natt-forsta-aret-gick-bra\/4334074\" target=\"_blank\" rel=\"nofollow noopener\">\u201dVanvettigt\u201d Norgepris p\u00e5 el &#8211; snart har en miljon norrm\u00e4n skaffat det<\/a><\/p>\n<p>                <img decoding=\"async\" src=\"https:\/\/www.europesays.com\/se\/wp-content\/uploads\/2025\/12\/4402294.webp\" width=\"480\" height=\"274\" title=\"Ny Teknik reder ut hur Norgepris fungerar \u2013 och hur de svenska elpriserna p\u00e5verkas.\" alt=\"\" loading=\"lazy\" style=\"\"\/><\/p>\n<p>\n            Ny Teknik reder ut hur Norgepris fungerar \u2013 och hur de svenska elpriserna p\u00e5verkas.<br \/>\n            TT\n        <\/p>\n<p>N\u00e4stan en miljon norska elabonnenter har tecknat sig<br \/>\nf\u00f6r det nya fasta Norgepriset p\u00e5 el. Modellen \u00e4r \u201dvanvettig\u201d enligt Svenska<br \/>\nkraftn\u00e4t \u2013 drabbar svenska elkunder.<\/p>\n<p>Plats 9: <a href=\"https:\/\/www.nyteknik.se\/nyheter\/forsvarsexpert-darfor-har-europeiska-landerna-inga-alternativ-till-f-35\/4347298\" target=\"_blank\" rel=\"nofollow noopener\">F\u00f6rsvarsexperten: D\u00e4rf\u00f6r har europeiska<br \/>\nl\u00e4nder inga alternativ till F-35<\/a><\/p>\n<p>                <img decoding=\"async\" src=\"https:\/\/www.europesays.com\/se\/wp-content\/uploads\/2025\/12\/4347307.webp\" width=\"480\" height=\"274\" title=\"Stridsflygplan av modellen F-35.\" alt=\"\" loading=\"lazy\" style=\"\"\/><\/p>\n<p>\n            Stridsflygplan av modellen F-35.<br \/>\n            US Airforce\n        <\/p>\n<p>N\u00e4r det g\u00e4ller stridsflyg med avancerad femte<br \/>\ngenerationens teknik kommer europeiska tillverkare att vara redo f\u00f6rst om 10<br \/>\ntill 15 \u00e5r. Dansk major rekommenderar dock \u201dis i magen\u201d.<\/p>\n<p>Plats 10: <a href=\"https:\/\/www.nyteknik.se\/rymden\/cia-dokument-utomjordingar-forvandlade-sovjetiska-soldater-till-sten\/4352086\" target=\"_blank\" rel=\"nofollow noopener\">CIA-dokument: Utomjordingar f\u00f6rvandlade<br \/>\nsovjetiska soldater till sten<\/a><\/p>\n<p>                <img decoding=\"async\" src=\"https:\/\/www.europesays.com\/se\/wp-content\/uploads\/2025\/12\/4352092.webp\" width=\"480\" height=\"274\" title=\"Ett gammalt CIA-dokument om ett nedskjutet UFO och utomjordingar har blivit viralt.\" alt=\"\" loading=\"lazy\" style=\"\"\/><\/p>\n<p>\n            Ett gammalt CIA-dokument om ett nedskjutet UFO och utomjordingar har blivit viralt.<br \/>\n            Unsplash\n        <\/p>\n<p>Ett tidigare hemligst\u00e4mplat CIA-dokument fr\u00e5n<br \/>\n1990-talet har blivit viralt. Det beskriver hur sovjetiska soldater p\u00e5st\u00e5s ha<br \/>\nf\u00f6rvandlats till sten efter att ha skjutit ner ett oidentifierat flygande<br \/>\nobjekt under en milit\u00e4r\u00f6vning.<\/p>\n","protected":false},"excerpt":{"rendered":"ENERGI Modell av hur den nya Storstr\u00f8msbron \u00e4r konstruerad. Foto: Vejdirektoratet En dansk bro, f\u00f6rsvarets nya lastbilar med&hellip;\n","protected":false},"author":2,"featured_media":118962,"comment_status":"","ping_status":"","sticky":false,"template":"","format":"standard","meta":{"footnotes":""},"categories":[65],"tags":[72,70,71,34,31,33,32,30],"class_list":{"0":"post-118961","1":"post","2":"type-post","3":"status-publish","4":"format-standard","5":"has-post-thumbnail","7":"category-ekonomi","8":"tag-business","9":"tag-economy","10":"tag-ekonomi","11":"tag-se","12":"tag-svenska","13":"tag-sverige","14":"tag-sweden","15":"tag-swedish"},"share_on_mastodon":{"url":"https:\/\/pubeurope.com\/@se\/115795695557714576","error":""},"_links":{"self":[{"href":"https:\/\/www.europesays.com\/se\/wp-json\/wp\/v2\/posts\/118961","targetHints":{"allow":["GET"]}}],"collection":[{"href":"https:\/\/www.europesays.com\/se\/wp-json\/wp\/v2\/posts"}],"about":[{"href":"https:\/\/www.europesays.com\/se\/wp-json\/wp\/v2\/types\/post"}],"author":[{"embeddable":true,"href":"https:\/\/www.europesays.com\/se\/wp-json\/wp\/v2\/users\/2"}],"replies":[{"embeddable":true,"href":"https:\/\/www.europesays.com\/se\/wp-json\/wp\/v2\/comments?post=118961"}],"version-history":[{"count":0,"href":"https:\/\/www.europesays.com\/se\/wp-json\/wp\/v2\/posts\/118961\/revisions"}],"wp:featuredmedia":[{"embeddable":true,"href":"https:\/\/www.europesays.com\/se\/wp-json\/wp\/v2\/media\/118962"}],"wp:attachment":[{"href":"https:\/\/www.europesays.com\/se\/wp-json\/wp\/v2\/media?parent=118961"}],"wp:term":[{"taxonomy":"category","embeddable":true,"href":"https:\/\/www.europesays.com\/se\/wp-json\/wp\/v2\/categories?post=118961"},{"taxonomy":"post_tag","embeddable":true,"href":"https:\/\/www.europesays.com\/se\/wp-json\/wp\/v2\/tags?post=118961"}],"curies":[{"name":"wp","href":"https:\/\/api.w.org\/{rel}","templated":true}]}}