{"id":118986,"date":"2025-12-28T06:52:08","date_gmt":"2025-12-28T06:52:08","guid":{"rendered":"https:\/\/www.europesays.com\/se\/118986\/"},"modified":"2025-12-28T06:52:08","modified_gmt":"2025-12-28T06:52:08","slug":"briljante-james-ska-radda-trump-i-mellanarsvalet","status":"publish","type":"post","link":"https:\/\/www.europesays.com\/se\/118986\/","title":{"rendered":"\u201dBriljante James\u201d ska r\u00e4dda Trump i mellan\u00e5rsvalet"},"content":{"rendered":"<p>Republikanerna har ett tufft l\u00e4ge inf\u00f6r mellan\u00e5rsvalet n\u00e4sta \u00e5r och riskerar att f\u00f6rlora kontrollen \u00f6ver b\u00e5de senaten och representanthuset. Partiets hopp st\u00e5r i m\u00e5ngt och mycket till den ok\u00e4nde strategen James Blair, skriver amerikanska medier.<\/p>\n<p>B\u00e5de Politico och Wall Street Journal har publicerat portr\u00e4tt av Blair de senaste dagarna. Han beskrivs b\u00e5de som ett \u201dunderbarn\u201d och som Donald Trumps \u201delaka polis\u201d. <\/p>\n<p>Blair har slagit sig fram till partitoppen genom ett antal dj\u00e4rva beslut. Under Trumps presidentvalskampanj kom han med id\u00e9n att fokusera p\u00e5 soffliggare, vilket ledde till protester fr\u00e5n partistrateger. Strategin blev en succ\u00e9 f\u00f6r Trump och Blair fick ett jobb som bitr\u00e4dande stabschef och har nu ansvar f\u00f6r Vita husets strategi i mellan\u00e5rsvalet.<\/p>\n<p>\u201dDet finns en anledning till att president Trump kallar honom \u2019Briljante James\u2019\u201d, s\u00e4ger Vita husets pressekretare Karoline Leavitt i ett uttalande.<\/p>\n<p>Omni \u00e4r politiskt obundna och oberoende. Vi str\u00e4var efter att ge fler perspektiv p\u00e5 nyheterna. Har du fr\u00e5gor eller synpunkter kring v\u00e5r rapportering? <a href=\"https:\/\/omni.se\/briljante-james-ska-radda-trump-i-mellanarsvalet\/a\/mailto:redaktion@omni.se\" class=\"ArticleActions_contactLink__W2F1M\" rel=\"nofollow noopener\" target=\"_blank\">Kontakta redaktionen<\/a><\/p>\n","protected":false},"excerpt":{"rendered":"Republikanerna har ett tufft l\u00e4ge inf\u00f6r mellan\u00e5rsvalet n\u00e4sta \u00e5r och riskerar att f\u00f6rlora kontrollen \u00f6ver b\u00e5de senaten och&hellip;\n","protected":false},"author":2,"featured_media":118987,"comment_status":"","ping_status":"","sticky":false,"template":"","format":"standard","meta":{"footnotes":""},"categories":[14],"tags":[387,22,23,385,26,27,17,21,24,25,28,29,15,268,16,1202,18,34,31,33,32,30,19,20,386,74,51,52,53,54],"class_list":{"0":"post-118986","1":"post","2":"type-post","3":"status-publish","4":"format-standard","5":"has-post-thumbnail","7":"category-varlden","8":"tag-amerikansk-politik","9":"tag-breaking-news","10":"tag-breakingnews","11":"tag-donald-trump","12":"tag-featured-news","13":"tag-featurednews","14":"tag-headlines","15":"tag-huvudnyheter","16":"tag-latest-news","17":"tag-latestnews","18":"tag-main-news","19":"tag-mainnews","20":"tag-news","21":"tag-nordamerika","22":"tag-nyheter","23":"tag-republikanerna-i-usa","24":"tag-rubriker","25":"tag-se","26":"tag-svenska","27":"tag-sverige","28":"tag-sweden","29":"tag-swedish","30":"tag-top-stories","31":"tag-topstories","32":"tag-trumps-usa","33":"tag-usa","34":"tag-varlden","35":"tag-world","36":"tag-world-news","37":"tag-worldnews"},"share_on_mastodon":{"url":"https:\/\/pubeurope.com\/@se\/115795875836136472","error":""},"_links":{"self":[{"href":"https:\/\/www.europesays.com\/se\/wp-json\/wp\/v2\/posts\/118986","targetHints":{"allow":["GET"]}}],"collection":[{"href":"https:\/\/www.europesays.com\/se\/wp-json\/wp\/v2\/posts"}],"about":[{"href":"https:\/\/www.europesays.com\/se\/wp-json\/wp\/v2\/types\/post"}],"author":[{"embeddable":true,"href":"https:\/\/www.europesays.com\/se\/wp-json\/wp\/v2\/users\/2"}],"replies":[{"embeddable":true,"href":"https:\/\/www.europesays.com\/se\/wp-json\/wp\/v2\/comments?post=118986"}],"version-history":[{"count":0,"href":"https:\/\/www.europesays.com\/se\/wp-json\/wp\/v2\/posts\/118986\/revisions"}],"wp:featuredmedia":[{"embeddable":true,"href":"https:\/\/www.europesays.com\/se\/wp-json\/wp\/v2\/media\/118987"}],"wp:attachment":[{"href":"https:\/\/www.europesays.com\/se\/wp-json\/wp\/v2\/media?parent=118986"}],"wp:term":[{"taxonomy":"category","embeddable":true,"href":"https:\/\/www.europesays.com\/se\/wp-json\/wp\/v2\/categories?post=118986"},{"taxonomy":"post_tag","embeddable":true,"href":"https:\/\/www.europesays.com\/se\/wp-json\/wp\/v2\/tags?post=118986"}],"curies":[{"name":"wp","href":"https:\/\/api.w.org\/{rel}","templated":true}]}}