{"id":118988,"date":"2025-12-28T06:53:07","date_gmt":"2025-12-28T06:53:07","guid":{"rendered":"https:\/\/www.europesays.com\/se\/118988\/"},"modified":"2025-12-28T06:53:07","modified_gmt":"2025-12-28T06:53:07","slug":"28-december-07-41-sammanfattning-natt-sodermanlands-lan","status":"publish","type":"post","link":"https:\/\/www.europesays.com\/se\/118988\/","title":{"rendered":"28 december 07.41, Sammanfattning natt, S\u00f6dermanlands l\u00e4n"},"content":{"rendered":"<p>Polisens regionledningscentral har mellan klockan 22.00-07.00 hanterat ett 90-tal \u00e4renden som r\u00f6r S\u00f6dermanlands l\u00e4n.\u00a0<\/p>\n<p>00:47 I samband med en rutinm\u00e4ssig fordons- och f\u00f6rarkontroll p\u00e5 V\u00e4ster\u00e5sv\u00e4gen i Eskilstuna uppstod misstanke om drograttfylleri mot f\u00f6raren. Mannen i 30-\u00e5rs\u00e5ldern fick f\u00f6lja med polispatrull f\u00f6r ytterligare provtagning samt f\u00f6rh\u00f6r.<\/p>\n<p>05:28 I samband med en rutinm\u00e4ssig fordons- och f\u00f6rarkontroll p\u00e5 Bryggaregatan i Katrineholm uppstod misstanke om drograttfylleri mot f\u00f6raren. Mannen i 20-\u00e5rs\u00e5ldern fick f\u00f6lja med polisen f\u00f6r ytterligare provtagning samt f\u00f6rh\u00f6r.\u00a0<\/p>\n<p>Ut\u00f6ver detta har polisen haft \u00e4renden om fylleri, trafikbrott, viltolyckor, trafikkontroller, brottsf\u00f6rebyggande arbete samt diverse andra kontroller p\u00e5 eget initiativ eller efter larm fr\u00e5n allm\u00e4nheten som inte har lett till n\u00e5got allvarligt.<\/p>\n<p>Inga gr\u00f6vre v\u00e5ldsbrott har kommit till polisens k\u00e4nnedom.<\/p>\n","protected":false},"excerpt":{"rendered":"Polisens regionledningscentral har mellan klockan 22.00-07.00 hanterat ett 90-tal \u00e4renden som r\u00f6r S\u00f6dermanlands l\u00e4n.\u00a0 00:47 I samband med&hellip;\n","protected":false},"author":2,"featured_media":54,"comment_status":"","ping_status":"","sticky":false,"template":"","format":"standard","meta":{"footnotes":""},"categories":[12],"tags":[22,23,26,27,17,21,24,25,28,29,15,16,18,34,31,33,32,30,19,20],"class_list":{"0":"post-118988","1":"post","2":"type-post","3":"status-publish","4":"format-standard","5":"has-post-thumbnail","7":"category-sverige","8":"tag-breaking-news","9":"tag-breakingnews","10":"tag-featured-news","11":"tag-featurednews","12":"tag-headlines","13":"tag-huvudnyheter","14":"tag-latest-news","15":"tag-latestnews","16":"tag-main-news","17":"tag-mainnews","18":"tag-news","19":"tag-nyheter","20":"tag-rubriker","21":"tag-se","22":"tag-svenska","23":"tag-sverige","24":"tag-sweden","25":"tag-swedish","26":"tag-top-stories","27":"tag-topstories"},"share_on_mastodon":{"url":"https:\/\/pubeurope.com\/@se\/115795879757712505","error":""},"_links":{"self":[{"href":"https:\/\/www.europesays.com\/se\/wp-json\/wp\/v2\/posts\/118988","targetHints":{"allow":["GET"]}}],"collection":[{"href":"https:\/\/www.europesays.com\/se\/wp-json\/wp\/v2\/posts"}],"about":[{"href":"https:\/\/www.europesays.com\/se\/wp-json\/wp\/v2\/types\/post"}],"author":[{"embeddable":true,"href":"https:\/\/www.europesays.com\/se\/wp-json\/wp\/v2\/users\/2"}],"replies":[{"embeddable":true,"href":"https:\/\/www.europesays.com\/se\/wp-json\/wp\/v2\/comments?post=118988"}],"version-history":[{"count":0,"href":"https:\/\/www.europesays.com\/se\/wp-json\/wp\/v2\/posts\/118988\/revisions"}],"wp:featuredmedia":[{"embeddable":true,"href":"https:\/\/www.europesays.com\/se\/wp-json\/wp\/v2\/media\/54"}],"wp:attachment":[{"href":"https:\/\/www.europesays.com\/se\/wp-json\/wp\/v2\/media?parent=118988"}],"wp:term":[{"taxonomy":"category","embeddable":true,"href":"https:\/\/www.europesays.com\/se\/wp-json\/wp\/v2\/categories?post=118988"},{"taxonomy":"post_tag","embeddable":true,"href":"https:\/\/www.europesays.com\/se\/wp-json\/wp\/v2\/tags?post=118988"}],"curies":[{"name":"wp","href":"https:\/\/api.w.org\/{rel}","templated":true}]}}