{"id":118994,"date":"2025-12-28T07:03:07","date_gmt":"2025-12-28T07:03:07","guid":{"rendered":"https:\/\/www.europesays.com\/se\/118994\/"},"modified":"2025-12-28T07:03:07","modified_gmt":"2025-12-28T07:03:07","slug":"28-december-07-41-sammanfattning-natt-jonkopings-lan","status":"publish","type":"post","link":"https:\/\/www.europesays.com\/se\/118994\/","title":{"rendered":"28 december 07.41, Sammanfattning natt, J\u00f6nk\u00f6pings l\u00e4n"},"content":{"rendered":"<p>Polisens regionledningscentral har mellan klockan 22.00-07.00 hanterat ett 90-tal \u00e4renden som r\u00f6r J\u00f6nk\u00f6pings l\u00e4n.\u00a0<\/p>\n<p>22:23 SOS-larm om trafikolycka vid korsningen Brog\u00e5rdsgatan\/V\u00e4sterleden i Vetlanda. Enligt larmet ska en bilist ha tappat greppet och glidit in i en stolpe. Fronten p\u00e5 bilen ska ha blivit intryckt. Polis har varit p\u00e5 plats. Det finns inga uppgifter om personskador eller misstanke om brott men bilen beh\u00f6vde b\u00e4rgning p\u00e5 grund av de materiella skadorna som uppst\u00e5tt.\u00a0<\/p>\n<p>23:52 I samband med en rutinm\u00e4ssig fordons- och f\u00f6rarkontroll p\u00e5 Malm\u00f6v\u00e4gen i V\u00e4rnamo uppstod misstanke om rattfylleri mot f\u00f6raren. Mannen i 20-\u00e5rs\u00e5ldern fick f\u00f6lja med polispatrull f\u00f6r ytterligare provtagning samt f\u00f6rh\u00f6r.<\/p>\n<p>Ut\u00f6ver detta har polisen haft \u00e4renden om fylleri, trafikbrott, viltolyckor, trafikkontroller, brottsf\u00f6rebyggande arbete\u00a0samt diverse andra kontroller p\u00e5 eget initiativ eller efter larm fr\u00e5n allm\u00e4nheten som inte har lett till n\u00e5got allvarligt.<\/p>\n<p>Inga gr\u00f6vre v\u00e5ldsbrott har kommit till polisens k\u00e4nnedom.<\/p>\n","protected":false},"excerpt":{"rendered":"Polisens regionledningscentral har mellan klockan 22.00-07.00 hanterat ett 90-tal \u00e4renden som r\u00f6r J\u00f6nk\u00f6pings l\u00e4n.\u00a0 22:23 SOS-larm om trafikolycka&hellip;\n","protected":false},"author":2,"featured_media":54,"comment_status":"","ping_status":"","sticky":false,"template":"","format":"standard","meta":{"footnotes":""},"categories":[12],"tags":[22,23,26,27,17,21,24,25,28,29,15,16,18,34,31,33,32,30,19,20],"class_list":{"0":"post-118994","1":"post","2":"type-post","3":"status-publish","4":"format-standard","5":"has-post-thumbnail","7":"category-sverige","8":"tag-breaking-news","9":"tag-breakingnews","10":"tag-featured-news","11":"tag-featurednews","12":"tag-headlines","13":"tag-huvudnyheter","14":"tag-latest-news","15":"tag-latestnews","16":"tag-main-news","17":"tag-mainnews","18":"tag-news","19":"tag-nyheter","20":"tag-rubriker","21":"tag-se","22":"tag-svenska","23":"tag-sverige","24":"tag-sweden","25":"tag-swedish","26":"tag-top-stories","27":"tag-topstories"},"share_on_mastodon":{"url":"https:\/\/pubeurope.com\/@se\/115795919085413267","error":""},"_links":{"self":[{"href":"https:\/\/www.europesays.com\/se\/wp-json\/wp\/v2\/posts\/118994","targetHints":{"allow":["GET"]}}],"collection":[{"href":"https:\/\/www.europesays.com\/se\/wp-json\/wp\/v2\/posts"}],"about":[{"href":"https:\/\/www.europesays.com\/se\/wp-json\/wp\/v2\/types\/post"}],"author":[{"embeddable":true,"href":"https:\/\/www.europesays.com\/se\/wp-json\/wp\/v2\/users\/2"}],"replies":[{"embeddable":true,"href":"https:\/\/www.europesays.com\/se\/wp-json\/wp\/v2\/comments?post=118994"}],"version-history":[{"count":0,"href":"https:\/\/www.europesays.com\/se\/wp-json\/wp\/v2\/posts\/118994\/revisions"}],"wp:featuredmedia":[{"embeddable":true,"href":"https:\/\/www.europesays.com\/se\/wp-json\/wp\/v2\/media\/54"}],"wp:attachment":[{"href":"https:\/\/www.europesays.com\/se\/wp-json\/wp\/v2\/media?parent=118994"}],"wp:term":[{"taxonomy":"category","embeddable":true,"href":"https:\/\/www.europesays.com\/se\/wp-json\/wp\/v2\/categories?post=118994"},{"taxonomy":"post_tag","embeddable":true,"href":"https:\/\/www.europesays.com\/se\/wp-json\/wp\/v2\/tags?post=118994"}],"curies":[{"name":"wp","href":"https:\/\/api.w.org\/{rel}","templated":true}]}}