{"id":118995,"date":"2025-12-28T07:05:03","date_gmt":"2025-12-28T07:05:03","guid":{"rendered":"https:\/\/www.europesays.com\/se\/118995\/"},"modified":"2025-12-28T07:05:03","modified_gmt":"2025-12-28T07:05:03","slug":"molnfri-nyarsafton-i-vimmerby-enligt-smhi","status":"publish","type":"post","link":"https:\/\/www.europesays.com\/se\/118995\/","title":{"rendered":"Molnfri ny\u00e5rsafton i Vimmerby enligt SMHI"},"content":{"rendered":"<p>\u00c4nnu en storhelg ligger runt knuten, och om SMHI&#8217;s nuvarande prognos h\u00e5ller i sig ser det ut att bli en molnfri ny\u00e5r i Vimmerby.<\/p>\n<p>Idag v\u00e4ntas ett soligt v\u00e4der med ett par plusgrader. Fram\u00e5t kv\u00e4llen och natten drar det in lite moln som skringrar sig lagom till morgondagen. Men d\u00e5 blir det ocks\u00e5 betydligt bl\u00e5sigare.\u00a0<\/p>\n<p>\u2013 Vi f\u00e5r ju in kallare luft, s\u00e5 d\u00e5 blir det lite kallare dagtid med n\u00e5gon enstaka plusgrad, s\u00e4ger den vakthavande meteorologen Moa Hallberg.<\/p>\n<p>\u00c4ven p\u00e5 s\u00f6ndagen ska det bli en hel del sol. Men n\u00e4r vi n\u00e4rmar oss dagen innan ny\u00e5r blir det minusgrader b\u00e5de natt och dagtid, och under ny\u00e5rsafton ber\u00e4knas temperaturerna ligga p\u00e5 minussidan hela dygnet.\u00a0<\/p>\n<p>\u2013 S\u00e5 jag skulle s\u00e4ga att det blir ganska s\u00e5 kallt och lite sm\u00e5bl\u00e5sigt under ny\u00e5rsafton, s\u00e4ger Moa Hallberg.<\/p>\n<p>\u00c4n s\u00e5 l\u00e4nge ser sikten bra ut f\u00f6r kv\u00e4llens huvudnummer \u2013 fyverkerierna. Om minusgraderna best\u00e5r och fukten h\u00e5ller sig borta kommer den inte skymmas av varken regn eller moln.<\/p>\n<p>\u2013 Nu \u00e4r det sv\u00e5rt att s\u00e4ga exakt hur molnigt det kommer att vara s\u00e5 l\u00e5ngt i f\u00f6rv\u00e4g. Men som det ser ut nu s\u00e5 ser det inte ut att vara speciellt fuktigt utan snarare kallare och torrt, s\u00e5 det finns en chans att det skulle kunna vara lite soligt och klart v\u00e4der. Men det \u00e5terst\u00e5r att se, det blir s\u00e4krare ju n\u00e4rmare i tid vi kommer.\u00a0<\/p>\n<p>Samma prognos kommer att g\u00e4lla \u00e4ven f\u00f6r Hultsfred.<\/p>\n<p>\u2013 Jag skulle s\u00e4ga att det \u00e4r inga direkta skillnader just nu mellan de tv\u00e5, utan det \u00e4r b\u00e5da g\u00e5r p\u00e5 samma tema, s\u00e4ger den vakthavande meteorologen Moa Hallberg.<\/p>\n","protected":false},"excerpt":{"rendered":"\u00c4nnu en storhelg ligger runt knuten, och om SMHI&#8217;s nuvarande prognos h\u00e5ller i sig ser det ut att&hellip;\n","protected":false},"author":2,"featured_media":118996,"comment_status":"","ping_status":"","sticky":false,"template":"","format":"standard","meta":{"footnotes":""},"categories":[5],"tags":[22,23,26,27,17,21,24,25,28,29,15,16,18,34,31,33,32,30,19,20],"class_list":{"0":"post-118995","1":"post","2":"type-post","3":"status-publish","4":"format-standard","5":"has-post-thumbnail","7":"category-rubriker","8":"tag-breaking-news","9":"tag-breakingnews","10":"tag-featured-news","11":"tag-featurednews","12":"tag-headlines","13":"tag-huvudnyheter","14":"tag-latest-news","15":"tag-latestnews","16":"tag-main-news","17":"tag-mainnews","18":"tag-news","19":"tag-nyheter","20":"tag-rubriker","21":"tag-se","22":"tag-svenska","23":"tag-sverige","24":"tag-sweden","25":"tag-swedish","26":"tag-top-stories","27":"tag-topstories"},"share_on_mastodon":{"url":"https:\/\/pubeurope.com\/@se\/115795926932470321","error":""},"_links":{"self":[{"href":"https:\/\/www.europesays.com\/se\/wp-json\/wp\/v2\/posts\/118995","targetHints":{"allow":["GET"]}}],"collection":[{"href":"https:\/\/www.europesays.com\/se\/wp-json\/wp\/v2\/posts"}],"about":[{"href":"https:\/\/www.europesays.com\/se\/wp-json\/wp\/v2\/types\/post"}],"author":[{"embeddable":true,"href":"https:\/\/www.europesays.com\/se\/wp-json\/wp\/v2\/users\/2"}],"replies":[{"embeddable":true,"href":"https:\/\/www.europesays.com\/se\/wp-json\/wp\/v2\/comments?post=118995"}],"version-history":[{"count":0,"href":"https:\/\/www.europesays.com\/se\/wp-json\/wp\/v2\/posts\/118995\/revisions"}],"wp:featuredmedia":[{"embeddable":true,"href":"https:\/\/www.europesays.com\/se\/wp-json\/wp\/v2\/media\/118996"}],"wp:attachment":[{"href":"https:\/\/www.europesays.com\/se\/wp-json\/wp\/v2\/media?parent=118995"}],"wp:term":[{"taxonomy":"category","embeddable":true,"href":"https:\/\/www.europesays.com\/se\/wp-json\/wp\/v2\/categories?post=118995"},{"taxonomy":"post_tag","embeddable":true,"href":"https:\/\/www.europesays.com\/se\/wp-json\/wp\/v2\/tags?post=118995"}],"curies":[{"name":"wp","href":"https:\/\/api.w.org\/{rel}","templated":true}]}}