{"id":118999,"date":"2025-12-28T07:11:22","date_gmt":"2025-12-28T07:11:22","guid":{"rendered":"https:\/\/www.europesays.com\/se\/118999\/"},"modified":"2025-12-28T07:11:22","modified_gmt":"2025-12-28T07:11:22","slug":"3-000-ar-gamla-vaggmalningar-hittade-i-mystisk-underjordisk-byggnad","status":"publish","type":"post","link":"https:\/\/www.europesays.com\/se\/118999\/","title":{"rendered":"3 000 \u00e5r gamla v\u00e4ggm\u00e5lningar hittade i mystisk underjordisk byggnad"},"content":{"rendered":"<p>Underjordiska ber\u00e4ttande rum kan ha f\u00f6rt samman m\u00e4nniskor och gudar<\/p>\n<p>M\u00e5lningarna f\u00f6rest\u00e4ller en serie figurer i tre lager, som kan ha symboliserat gudar, djur och m\u00e4nniskor. Forskarna tror att detta troligen var en h\u00e4nvisning till himlen, jorden och levande varelser.<\/p>\n<p>\u201dAtt hitta m\u00e5lade v\u00e4ggar i ett intakt underjordiskt rum \u00e4r som att uppt\u00e4cka en begravd katedral\u201d, s\u00e4ger utgr\u00e4vningsledaren professor Mehmet I\u015f\u0131kl\u0131 fr\u00e5n Atat\u00fcrk-universitetet till den turkiska nyhetsbyr\u00e5n <a href=\"https:\/\/www.dailysabah.com\/life\/history\/turkiye-protects-rare-3000-year-old-urartian-wall-paintings-in-van\" target=\"_blank\" class=\"hover:font-bold\" rel=\"nofollow noopener\">Anadolu Agency<\/a>.<\/p>\n<p>\u201dDenna uppt\u00e4ckt \u00e4ndrar det vi vet om konsten och arkitekturen i Urartu-civilisationen\u201d, sl\u00e5r professorn fast.<\/p>\n<p>Den underjordiska anl\u00e4ggningen hittades cirka 30 kilometer fr\u00e5n staden Van, i det omr\u00e5de d\u00e4r kungariket Urartu blomstrade mellan 800-talet f Kr och 500-talet f Kr. Kungariket \u00e4r s\u00e4rskilt k\u00e4nt f\u00f6r sina st\u00e4ndiga krig med assyrierna och var under m\u00e5nga \u00e5r den dominerande makten i Fr\u00e4mre orienten.<\/p>\n<p>\u00c4ven om endast ett f\u00e5tal bilder har avt\u00e4ckts hittills, tyder b\u00e5de motivens stil och anl\u00e4ggningens storlek p\u00e5 att Garibin Tepe kan ha varit en del av ett kungligt eller religi\u00f6st komplex. V\u00e4ggar och statyer fr\u00e5n forntiden har hittats h\u00e4r tidigare, men det underjordiska komplexet \u00e4r helt unikt.<\/p>\n<p>V\u00e4ggm\u00e5lningar fr\u00e5n Urartu har bara hittats en g\u00e5ng tidigare, och allt tyder p\u00e5 att de nyuppt\u00e4ckta \u00e4r b\u00e5de \u00e4ldre och b\u00e4ttre bevarade.<\/p>\n","protected":false},"excerpt":{"rendered":"Underjordiska ber\u00e4ttande rum kan ha f\u00f6rt samman m\u00e4nniskor och gudar M\u00e5lningarna f\u00f6rest\u00e4ller en serie figurer i tre lager,&hellip;\n","protected":false},"author":2,"featured_media":119000,"comment_status":"","ping_status":"","sticky":false,"template":"","format":"standard","meta":{"footnotes":""},"categories":[14],"tags":[22,23,26,27,17,21,24,25,28,29,15,16,18,34,31,33,32,30,19,20,51,52,53,54],"class_list":{"0":"post-118999","1":"post","2":"type-post","3":"status-publish","4":"format-standard","5":"has-post-thumbnail","7":"category-varlden","8":"tag-breaking-news","9":"tag-breakingnews","10":"tag-featured-news","11":"tag-featurednews","12":"tag-headlines","13":"tag-huvudnyheter","14":"tag-latest-news","15":"tag-latestnews","16":"tag-main-news","17":"tag-mainnews","18":"tag-news","19":"tag-nyheter","20":"tag-rubriker","21":"tag-se","22":"tag-svenska","23":"tag-sverige","24":"tag-sweden","25":"tag-swedish","26":"tag-top-stories","27":"tag-topstories","28":"tag-varlden","29":"tag-world","30":"tag-world-news","31":"tag-worldnews"},"share_on_mastodon":{"url":"https:\/\/pubeurope.com\/@se\/115795950521264204","error":""},"_links":{"self":[{"href":"https:\/\/www.europesays.com\/se\/wp-json\/wp\/v2\/posts\/118999","targetHints":{"allow":["GET"]}}],"collection":[{"href":"https:\/\/www.europesays.com\/se\/wp-json\/wp\/v2\/posts"}],"about":[{"href":"https:\/\/www.europesays.com\/se\/wp-json\/wp\/v2\/types\/post"}],"author":[{"embeddable":true,"href":"https:\/\/www.europesays.com\/se\/wp-json\/wp\/v2\/users\/2"}],"replies":[{"embeddable":true,"href":"https:\/\/www.europesays.com\/se\/wp-json\/wp\/v2\/comments?post=118999"}],"version-history":[{"count":0,"href":"https:\/\/www.europesays.com\/se\/wp-json\/wp\/v2\/posts\/118999\/revisions"}],"wp:featuredmedia":[{"embeddable":true,"href":"https:\/\/www.europesays.com\/se\/wp-json\/wp\/v2\/media\/119000"}],"wp:attachment":[{"href":"https:\/\/www.europesays.com\/se\/wp-json\/wp\/v2\/media?parent=118999"}],"wp:term":[{"taxonomy":"category","embeddable":true,"href":"https:\/\/www.europesays.com\/se\/wp-json\/wp\/v2\/categories?post=118999"},{"taxonomy":"post_tag","embeddable":true,"href":"https:\/\/www.europesays.com\/se\/wp-json\/wp\/v2\/tags?post=118999"}],"curies":[{"name":"wp","href":"https:\/\/api.w.org\/{rel}","templated":true}]}}