{"id":119001,"date":"2025-12-28T07:12:16","date_gmt":"2025-12-28T07:12:16","guid":{"rendered":"https:\/\/www.europesays.com\/se\/119001\/"},"modified":"2025-12-28T07:12:16","modified_gmt":"2025-12-28T07:12:16","slug":"fabrikstomten-i-ekero-centrum-byter-agare","status":"publish","type":"post","link":"https:\/\/www.europesays.com\/se\/119001\/","title":{"rendered":"Fabrikstomten i Eker\u00f6 centrum byter \u00e4gare"},"content":{"rendered":"<p class=\"ort\">Eker\u00f6 centrum<\/p>\n<p class=\"text\">Fastighetsbolaget Genova har k\u00f6pt tomten i Eker\u00f6 centrum d\u00e4r den gamla parfymfabriken ligger, vilket <a target=\"_blank\" rel=\"noopener nofollow\" href=\"https:\/\/www.fastighetsvarlden.se\/notiser\/genova-forvarvar-byggratter-vid-ekero-centrum\/\">Fastighetsv\u00e4rlden<\/a> var f\u00f6rst att rapportera om. <\/p>\n<p class=\"text\">K\u00f6pet av Oriflame-tomten g\u00f6rs genom att Genova k\u00f6per aktier i bolaget Exnord Tappsund AB f\u00f6r cirka 21 miljoner kronor, fr\u00e5n ett bolag kopplat till Exerton. <\/p>\n<p class=\"text\">Detaljplanen f\u00f6r tomten \u00e4r \u00e4nnu inte klar. <\/p>\n<p class=\"text\">\u2013 Jag v\u00e5gar inte svara p\u00e5 hur m\u00e5nga bost\u00e4der det ska bli. Vi ska tr\u00e4ffa kommunen och politikerna, s\u00e4ger Michael Moschewitz, vd f\u00f6r Genova Property Group, till Fastighetsv\u00e4rlden.<\/p>\n","protected":false},"excerpt":{"rendered":"Eker\u00f6 centrum Fastighetsbolaget Genova har k\u00f6pt tomten i Eker\u00f6 centrum d\u00e4r den gamla parfymfabriken ligger, vilket Fastighetsv\u00e4rlden var&hellip;\n","protected":false},"author":2,"featured_media":119002,"comment_status":"","ping_status":"","sticky":false,"template":"","format":"standard","meta":{"footnotes":""},"categories":[12],"tags":[22,23,26,27,17,21,24,25,28,29,15,16,18,34,31,33,32,30,19,20],"class_list":{"0":"post-119001","1":"post","2":"type-post","3":"status-publish","4":"format-standard","5":"has-post-thumbnail","7":"category-sverige","8":"tag-breaking-news","9":"tag-breakingnews","10":"tag-featured-news","11":"tag-featurednews","12":"tag-headlines","13":"tag-huvudnyheter","14":"tag-latest-news","15":"tag-latestnews","16":"tag-main-news","17":"tag-mainnews","18":"tag-news","19":"tag-nyheter","20":"tag-rubriker","21":"tag-se","22":"tag-svenska","23":"tag-sverige","24":"tag-sweden","25":"tag-swedish","26":"tag-top-stories","27":"tag-topstories"},"share_on_mastodon":{"url":"https:\/\/pubeurope.com\/@se\/115795954450708920","error":""},"_links":{"self":[{"href":"https:\/\/www.europesays.com\/se\/wp-json\/wp\/v2\/posts\/119001","targetHints":{"allow":["GET"]}}],"collection":[{"href":"https:\/\/www.europesays.com\/se\/wp-json\/wp\/v2\/posts"}],"about":[{"href":"https:\/\/www.europesays.com\/se\/wp-json\/wp\/v2\/types\/post"}],"author":[{"embeddable":true,"href":"https:\/\/www.europesays.com\/se\/wp-json\/wp\/v2\/users\/2"}],"replies":[{"embeddable":true,"href":"https:\/\/www.europesays.com\/se\/wp-json\/wp\/v2\/comments?post=119001"}],"version-history":[{"count":0,"href":"https:\/\/www.europesays.com\/se\/wp-json\/wp\/v2\/posts\/119001\/revisions"}],"wp:featuredmedia":[{"embeddable":true,"href":"https:\/\/www.europesays.com\/se\/wp-json\/wp\/v2\/media\/119002"}],"wp:attachment":[{"href":"https:\/\/www.europesays.com\/se\/wp-json\/wp\/v2\/media?parent=119001"}],"wp:term":[{"taxonomy":"category","embeddable":true,"href":"https:\/\/www.europesays.com\/se\/wp-json\/wp\/v2\/categories?post=119001"},{"taxonomy":"post_tag","embeddable":true,"href":"https:\/\/www.europesays.com\/se\/wp-json\/wp\/v2\/tags?post=119001"}],"curies":[{"name":"wp","href":"https:\/\/api.w.org\/{rel}","templated":true}]}}