{"id":119003,"date":"2025-12-28T07:15:10","date_gmt":"2025-12-28T07:15:10","guid":{"rendered":"https:\/\/www.europesays.com\/se\/119003\/"},"modified":"2025-12-28T07:15:10","modified_gmt":"2025-12-28T07:15:10","slug":"ola-soderholm-om-fotbollsaret-2025-patetisk-kvalresa","status":"publish","type":"post","link":"https:\/\/www.europesays.com\/se\/119003\/","title":{"rendered":"Ola S\u00f6derholm om fotbolls\u00e5ret 2025: \u00bbPatetisk kvalresa\u00ab"},"content":{"rendered":"<p>Tack f\u00f6r att du l\u00e4ser Offside. Ditt medlemskap hj\u00e4lper oss att forts\u00e4tta leverera v\u00e5r oberoende kvalitetsjournalistik \u2013 fri fr\u00e5n spelbolagsreklam sedan v\u00e5rt <a href=\"https:\/\/www.offside.org\/spelstopp\/\" rel=\"nofollow noopener\" target=\"_blank\">#spelstopp<\/a> h\u00f6sten 2018.<\/p>\n<p><a href=\"https:\/\/www.offside.org\/prenumeration\" rel=\"nofollow noopener\" target=\"_blank\">Bli Offsidemedlem f\u00f6r att st\u00f6dja v\u00e5r journalistik.<\/a><\/p>\n<p>\tSprid ordet!<\/p>\n<p>Hj\u00e4lp fler att uppt\u00e4cka oss.<\/p>\n<p>\t  <a href=\"https:\/\/www.facebook.com\/sharer.php?u=https%3A%2F%2Fwww.offside.org%2Fintervju%2Fola-soderholm-fotbollsaret-2025%2F\" target=\"_blank\" class=\"social-hover social\" aria-label=\"share on facebook\" rel=\"nofollow noopener\">Facebook <\/a><br \/>\n<a href=\"https:\/\/twitter.com\/intent\/tweet?url=https%3A%2F%2Fwww.offside.org%2Fintervju%2Fola-soderholm-fotbollsaret-2025%2F\" target=\"_blank\" class=\"social-hover social\" aria-label=\"share on twitter\" rel=\"nofollow noopener\">Twitter\/X <\/a><br \/>\n<a href=\"mailto:?subject=Tips om artikel p\u00e5 offside.org&amp;body=Jag vill tipsa om en artikel p\u00e5 offside.org.%0D%0A%0D%0AOla S\u00f6derholm: \u00bbG\u00e5r in f\u00f6r att vara en charlatan p\u00e5 hockeytwitter\u00ab%0D%0ASpanska fotbollsdr\u00f6mmar i Sundsvall, X-tjafs med fotbollsprofiler och juvenilt hat mot \u00d6stersunds FK. S\u00e5 var Ola S\u00f6derholms fotbolls\u00e5r.%0D%0A%0D%0AL\u00e4s hela artikeln h\u00e4r:%0D%0Ahttps%3A%2F%2Fwww.offside.org%2Fintervju%2Fola-soderholm-fotbollsaret-2025%2F\" class=\"social-hover social email\" aria-label=\"share via email\">Mail <\/a><\/p>\n<p>Sidl\u00e4nken har kopierats till urklipp! x<\/p>\n<p>\tV\u00e4ckte artikeln k\u00e4nslor?<\/p>\n<p><a href=\"https:\/\/www.offside.org\/intervju\/ola-soderholm-fotbollsaret-2025\/mailto: redaktion@offside.org\" rel=\"nofollow noopener\" target=\"_blank\">Mejla redaktionen<\/a> och ber\u00e4tta vad du k\u00e4nner!<\/p>\n<p><script async src=\"https:\/\/platform.twitter.com\/widgets.js\" charset=\"utf-8\"><\/script><\/p>\n","protected":false},"excerpt":{"rendered":"Tack f\u00f6r att du l\u00e4ser Offside. Ditt medlemskap hj\u00e4lper oss att forts\u00e4tta leverera v\u00e5r oberoende kvalitetsjournalistik \u2013 fri&hellip;\n","protected":false},"author":2,"featured_media":119004,"comment_status":"","ping_status":"","sticky":false,"template":"","format":"standard","meta":{"footnotes":""},"categories":[68],"tags":[6786,12723,34,111,110,31,33,32,30],"class_list":{"0":"post-119003","1":"post","2":"type-post","3":"status-publish","4":"format-standard","5":"has-post-thumbnail","7":"category-sport","8":"tag-bara-pa-offside-org","9":"tag-fotbollsaret-2025","10":"tag-se","11":"tag-sport","12":"tag-sports","13":"tag-svenska","14":"tag-sverige","15":"tag-sweden","16":"tag-swedish"},"share_on_mastodon":{"url":"https:\/\/pubeurope.com\/@se\/115795968104954994","error":""},"_links":{"self":[{"href":"https:\/\/www.europesays.com\/se\/wp-json\/wp\/v2\/posts\/119003","targetHints":{"allow":["GET"]}}],"collection":[{"href":"https:\/\/www.europesays.com\/se\/wp-json\/wp\/v2\/posts"}],"about":[{"href":"https:\/\/www.europesays.com\/se\/wp-json\/wp\/v2\/types\/post"}],"author":[{"embeddable":true,"href":"https:\/\/www.europesays.com\/se\/wp-json\/wp\/v2\/users\/2"}],"replies":[{"embeddable":true,"href":"https:\/\/www.europesays.com\/se\/wp-json\/wp\/v2\/comments?post=119003"}],"version-history":[{"count":0,"href":"https:\/\/www.europesays.com\/se\/wp-json\/wp\/v2\/posts\/119003\/revisions"}],"wp:featuredmedia":[{"embeddable":true,"href":"https:\/\/www.europesays.com\/se\/wp-json\/wp\/v2\/media\/119004"}],"wp:attachment":[{"href":"https:\/\/www.europesays.com\/se\/wp-json\/wp\/v2\/media?parent=119003"}],"wp:term":[{"taxonomy":"category","embeddable":true,"href":"https:\/\/www.europesays.com\/se\/wp-json\/wp\/v2\/categories?post=119003"},{"taxonomy":"post_tag","embeddable":true,"href":"https:\/\/www.europesays.com\/se\/wp-json\/wp\/v2\/tags?post=119003"}],"curies":[{"name":"wp","href":"https:\/\/api.w.org\/{rel}","templated":true}]}}