{"id":119011,"date":"2025-12-28T07:26:28","date_gmt":"2025-12-28T07:26:28","guid":{"rendered":"https:\/\/www.europesays.com\/se\/119011\/"},"modified":"2025-12-28T07:26:28","modified_gmt":"2025-12-28T07:26:28","slug":"tv-redaktoren-varnar-har-ar-de-3-samsta-nya-tv-serierna-fran-2025","status":"publish","type":"post","link":"https:\/\/www.europesays.com\/se\/119011\/","title":{"rendered":"Tv-redakt\u00f6ren varnar: H\u00e4r \u00e4r de 3 s\u00e4msta nya tv-serierna fr\u00e5n 2025"},"content":{"rendered":"<p>Jag brukar alltid k\u00e4nna ett visst motst\u00e5nd inf\u00f6r att skriva listan \u00f6ver \u00e5rets s\u00e4msta tv-serier. Det \u00e4r f\u00f6r min del mycket roligare att lyfta fram det b\u00e4sta eller mest underskattade som folk har missat under \u00e5ret. Samtidigt brukar det h\u00e4r vara den lista som f\u00e5r flest l\u00e4sningar av alla\u2026 och det finns ju trots allt n\u00e5got gott i att utf\u00e4rda n\u00e5got av en varning. <\/p>\n<p>Det finns ju trots allt s\u00e5 m\u00e5nga andra fantastiska tv-serier som \u00e4r v\u00e4rda en chans. S\u00e5 om du r\u00e5kar ha n\u00e5gon av de h\u00e4r fem p\u00e5 din \u201datt se\u201d-lista, s\u00e5 b\u00f6r du kanske putta ned den ett g\u00e4ng steg och beta av n\u00e5gra andra mer lovande titlar f\u00f6rst. <\/p>\n<p>Men f\u00f6r all del, ge titlarna h\u00e4r p\u00e5 listan en chans med om du verkligen inte har n\u00e5got annat b\u00e4ttre f\u00f6r dig. Det finns ju trots allt m\u00e5nga som hatat \u201dThe Chair Company\u201d p\u00e5 HBO Max i \u00e5r, en serie som tog sig in p\u00e5 min lista \u00f6ver \u00e5rets b\u00e4sta nya tv-serier. Smaken \u00e4r med andra ord v\u00e4ldigt annorlunda fr\u00e5n en person till en annan.<\/p>\n<p>H\u00e4r \u00e4r de tre tv-serier som gjort mig mest besviken i \u00e5r. Alla kan kanske inte beskrivas som genuint \u201dd\u00e5liga\u201d, men d\u00e5 var dem i alla fall l\u00e5ngt ifr\u00e5n den niv\u00e5 man borde ha legat p\u00e5 med tanke p\u00e5 vilka som var involverade i produktionen.<\/p>\n<p>L\u00e4s ocks\u00e5: <a href=\"https:\/\/www.moviezine.se\/nyheter\/park-chan-wook-intervju-no-other-choice-alexander-skarsgard\" title=\"2025 \u00e5rs sista biopremi\u00e4r \u00e4r en av \u00e5rets b\u00e4sta thrillers: \u201dLigger r\u00e4tt i tiden\u201d\" class=\"underline-custom !font-montserrat !font-bold !underline-offset-4 !decoration-4 !decoration-moviezine-green !text-md\" rel=\"nofollow noopener\" target=\"_blank\">2025 \u00e5rs sista biopremi\u00e4r \u00e4r en av \u00e5rets b\u00e4sta thrillers: \u201dLigger r\u00e4tt i tiden\u201d<\/a><\/p>\n<p>L\u00e4s ocks\u00e5: <a href=\"https:\/\/www.moviezine.se\/nyheter\/fallout-walton-goggins-justin-theroux-intervju-prime-video\" title=\"Walton Goggins skrek \u201dFuck you!\u201d \u00e5t mig \u2013 och jag nj\u00f6t varje sekund\" class=\"underline-custom !font-montserrat !font-bold !underline-offset-4 !decoration-4 !decoration-moviezine-green !text-md\" rel=\"nofollow noopener\" target=\"_blank\">Walton Goggins skrek \u201dFuck you!\u201d \u00e5t mig \u2013 och jag nj\u00f6t varje sekund<\/a><\/p>\n<p>L\u00e4s ocks\u00e5: <a href=\"https:\/\/www.moviezine.se\/nyheter\/de-basta-nya-tv-serierna-2025-tv-redaktoren-tipsar\" title=\"Tv-redakt\u00f6ren tipsar: De 15 b\u00e4sta nya tv-serierna fr\u00e5n 2025\" class=\"underline-custom !font-montserrat !font-bold !underline-offset-4 !decoration-4 !decoration-moviezine-green !text-md\" rel=\"nofollow noopener\" target=\"_blank\">Tv-redakt\u00f6ren tipsar: De 15 b\u00e4sta nya tv-serierna fr\u00e5n 2025<\/a><\/p>\n<p>\u201dZero Day\u201d (Netflix)<\/p>\n<p><img loading=\"lazy\" height=\"365\" width=\"648\" class=\"wp-image-709433 sp-no-webp perfmatters-lazy\" alt=\"\" decoding=\"async\" src=\"https:\/\/www.europesays.com\/se\/wp-content\/uploads\/2025\/12\/AAAAQVvVBAfFrx4wCAg5RYcLTzCIXgXy0MgyNk1a_O3ujS4o_psoH2IVl5yJQAwCNpwylRMYrCvQ1GsznyJ_EIlX-aZ0YDOcg2Zt.jpeg\"  data-\/> <\/p>\n<p>H\u00e4r har vi den h\u00e4r listans b\u00e4sta tv-serie. B\u00e4st av de s\u00e4msta helt enkelt. Men samtidigt den jag var allra mest besviken p\u00e5. S\u00e4rskilt med tanke p\u00e5 att jag vid den h\u00e4r tiden f\u00f6rra \u00e5ret lyfte fram den som en av 2025 \u00e5rs potentiellt b\u00e4sta nya tv-serier. F\u00f6r p\u00e5 pappret \u00e4r r\u00e5der det ingen tvekan om att \u201dZero Day\u201d kunde ha blivit en helt fantastiskt bra miniserie. Handlingen skulle ju n\u00e4mligen f\u00f6lja ett USA f\u00f6rsvagat efter en terroristattack, d\u00e4r folket inte l\u00e4ngre litade p\u00e5 sina ledare. R\u00e4tt god potential f\u00f6r en sp\u00e4nnande ber\u00e4ttelse \u00e4nd\u00e5.<\/p>\n<p><strong>Robert De Niros<\/strong> f\u00f6rsta tv-serie hade grymma sk\u00e5despelare som <strong>Jesse Plemons<\/strong>, <strong>Lizzy Caplan<\/strong>, <strong>Connie Britton<\/strong>, <strong>Angela Bassett<\/strong>, <strong>Joan Allen<\/strong>, <strong>Matthew Modine<\/strong> och <strong>Dan Stevens<\/strong> i n\u00e5gra av seriens st\u00f6rsta roller. \u201dHomeland\u201d-regiss\u00f6ren <strong>Lesli Linka Glatter<\/strong>, som \u00e4ven regisserat \u201dLove &amp; Death\u201d, \u201dThe Newsroom\u201d, \u201dJustified\u201d, \u201dThe Leftovers\u201d, \u201dThe Walking Dead\u201d, \u201dVita huset\u201d och \u201dCityaktuen\u201d stod dessutom bakom kameran av den h\u00e4r miniseriens samtliga avsnitt. <\/p>\n<p>Faktumet att vi fick en mellanmj\u00f6lks-serie med politiska konspirationer i niv\u00e5 med en liten sidober\u00e4ttelse i \u201d24\u201d. Fast med lite b\u00e4ttre sk\u00e5despelare och rekvisita\u2026 ja, det m\u00e5ste \u00e4nd\u00e5 anses vara en enorm besvikelse. Det h\u00e4r \u00e4r en serie jag misst\u00e4nker m\u00e5nga planerar att ge en chans vartefter, men som verkligen f\u00f6rtj\u00e4nar att puttas ned ett helt g\u00e4ng platser p\u00e5 listan.<\/p>\n<p>\u201dAll\u2019s Fair\u201d (Disney+)<\/p>\n<p><img loading=\"lazy\" height=\"364\" width=\"648\" class=\"wp-image-709434 sp-no-webp perfmatters-lazy\" alt=\"\" decoding=\"async\" src=\"https:\/\/www.europesays.com\/se\/wp-content\/uploads\/2025\/12\/Alls-Fair.jpg-648x364.jpg\"  data-\/> <\/p>\n<p>Vad kan jag ens s\u00e4ga som inte redan har sagts om \u201dAll\u2019s Fair\u201d? Det sl\u00e4pptes av f\u00f6rst\u00e5eliga sk\u00e4l inga avsnitt i f\u00f6rv\u00e4g f\u00f6r recensioner av <strong>Ryan Murphys<\/strong> nya tv-serie med <strong>Kim Kardashian<\/strong> i en av huvudrollerna. N\u00e5gra timmar efter premi\u00e4ren utbrast The Times med \u201ddet h\u00e4r kan vara det v\u00e4rsta tv-dramat genom alla tider\u201d. Medan <a href=\"https:\/\/www.telegraph.co.uk\/tv\/0\/alls-fair-kim-kardashian-disney-review\/\" rel=\"nofollow noopener\" target=\"_blank\">The Daily Telegraph<\/a> kallade serien f\u00f6r \u201dett brott mot tv-mediet\u201d. <\/p>\n<p>Nu f\u00f6rst\u00e5r jag givetvis att det h\u00e4r aldrig var en tv-serie som n\u00e5gonsin var t\u00e4nkt att utmana \u201dprestige-serierna\u201d p\u00e5 Emmygalan n\u00e4sta h\u00f6st. Men med Murphy som skapare och sk\u00e5despelare som <strong>Glenn Close<\/strong>, <strong>Naomi Watts<\/strong>, <strong>Sarah Paulson<\/strong>, <strong>Teyana Taylor<\/strong> och <strong>Niecy Nash<\/strong> i de st\u00f6rre rollerna vid sidan om Kardashian, s\u00e5 fanns det s\u00e5 otroligt mycket mer potential h\u00e4r. <\/p>\n<p>Slutprodukten \u00e4r knappast ett brott mot tv-mediet, men det \u00e4r avsev\u00e4rt n\u00e4rmare en tv-s\u00e5pa i \u00f6verdrivet sk\u00e5despel \u00e4n en vanlig tv-serie. \u201dCampy\u201d \u00e4r ett begrepp som man brukar beskriva den typ av tv-serier och filmer som \u00e4r medvetet skrivna p\u00e5 ett \u00f6verdrivet s\u00e4tt. N\u00e5got jag sj\u00e4lv till exempel ber\u00f6mde tv-serien \u201dElsbeth\u201d f\u00f6r att vara tidigare i \u00e5r. En serie som absolut hade kunnat utspela sig i samma universum som \u201dAll\u2019s Fair\u201d. I b\u00e5da serierna f\u00e5r vi n\u00e4mligen f\u00f6lja advokater som l\u00f6ser brott eller kniviga situationer med olika lagar. <\/p>\n<p>Nu ska man dock ge Murphy och Kardashian retroaktivt \u201dr\u00e4tt\u201d i sak. Serien \u00e4r en av Hulus mest sedda tv-serier hittills och har redan f\u00e5tt en ny s\u00e4song best\u00e4lld. Man lyckades med andra ord med det man f\u00f6rs\u00f6kte g\u00f6ra. Vilket verkar ha varit att ge Kardashians m\u00e5nga miljoner fans en brygga fr\u00e5n reality-underh\u00e5llningen till n\u00e5got som i alla fall p\u00e5minner om en vanlig dramakomedi-serie.<\/p>\n<p>\u201dThe Abandons\u201d (Netflix)<\/p>\n<p><img loading=\"lazy\" height=\"365\" width=\"648\" class=\"wp-image-709435 sp-no-webp perfmatters-lazy\" alt=\"\" decoding=\"async\" src=\"https:\/\/www.europesays.com\/se\/wp-content\/uploads\/2025\/12\/AAAABbfFPL5mD339gCuOMuZxjY-47cO46Ql5TkgmxGB8_JqrbYGQWuKYqPpoBGDygmXO4m-NPqfn9_O2ZOKmCLDriDznzIB1E-Ar.jpeg\"  data-\/> <\/p>\n<p>Tv-skaparen <strong>Kurt Sutter<\/strong> ligger bakom serier som \u201dSons of Anarchy\u201d och helt fantastiska kriminalserien \u201dThe Shield\u201d. \u00c4ven fast jag aldrig riktigt f\u00f6ll f\u00f6r hans \u201dThe Bastard Executioner\u201d eller \u201dSons of Anarchy\u201d-spinoffen \u201dMayans M.C.\u201d, s\u00e5 k\u00e4ndes \u201dThe Abandons\u201d v\u00e4ldigt lovande. <\/p>\n<p>Netflix har givit oss grymma western-serier tidigare, genom exempelvis \u201dGodless\u201d och \u201dAmerican Primeval\u201d. Med Sutter bakom rodret och sk\u00e5despelare som Gillian Anderson, Lena Headey och Michael Greyeyes i huvudrollerna, s\u00e5 fanns det v\u00e4l ingen anledning att beh\u00f6va oroa sig h\u00e4r?<\/p>\n<p><a href=\"https:\/\/time.com\/7338317\/the-abandons-review-netflix\/\" rel=\"nofollow noopener\" target=\"_blank\">Time Magazine<\/a> sammanfattade kritikernas omd\u00f6men med citatet att serien \u00e4r \u201dallt som \u00e4r fel med tv-mediet under 2025\u201d. En aning h\u00e5rt kanske. Men varken kritiker eller tittare verkar ha funnit n\u00e5got vidare positivt att s\u00e4ga om serien sedan premi\u00e4ren nu i b\u00f6rjan p\u00e5 december. <\/p>\n<p>Handlingen utspelar sig 1850 och f\u00f6ljer en ond matriark spelad av Anderson, som styr sin rika westernfamilj med j\u00e4rnhand och best\u00e4mt sig f\u00f6r att g\u00f6ra familjen \u00e4nnu rikare. Det kr\u00e4ver att man med tvivelaktiga medel beh\u00f6ver f\u00e5 tre andra familjer att l\u00e4mna sina marker, d\u00e4r Headeys ranch \u00e4r den som sl\u00e5r tillbaka allra h\u00e5rdast. <\/p>\n<p>L\u00e5ter det h\u00e4r bekant? Ja, det \u00e4r mer eller mindre samma ber\u00e4ttelse vi fick se i \u201d1923\u201d (SkyShowtime) fr\u00e5n <strong>Taylor Sheridan<\/strong>, fast d\u00e5 med <strong>Harrison Ford<\/strong>, <strong>Helen Mirren<\/strong> och <strong>Timothy Dalton<\/strong> i n\u00e5gra av den seriens st\u00f6rsta roller. En serie som f\u00f6r \u00f6vrigt \u00e4r otroligt mycket b\u00e4ttre och f\u00f6rtj\u00e4nar att ses avsev\u00e4rt snabbare \u00e4n \u201dThe Abandons\u201d, om du fortfarande r\u00e5kar ha b\u00e5da serierna osedda. <\/p>\n<p>Tog sig n\u00e4stan in p\u00e5 listan:<\/p>\n<p><img loading=\"lazy\" height=\"364\" width=\"648\" class=\"wp-image-709436 sp-no-webp perfmatters-lazy\" alt=\"\" decoding=\"async\" src=\"https:\/\/www.europesays.com\/se\/wp-content\/uploads\/2025\/12\/Ben-Barnes-as-Tim-Jamieson-1.jpg-648x364.jpg\"  data-\/> Stephen King-adaptionen av \u201dThe Institute\u201d var ocks\u00e5 en besvikelse.<\/p>\n<p>L\u00e4s ocks\u00e5: <a href=\"https:\/\/www.moviezine.se\/nyheter\/de-basta-nya-tv-serierna-2025-tv-redaktoren-tipsar\" title=\"Tv-redakt\u00f6ren tipsar: De 15 b\u00e4sta nya tv-serierna fr\u00e5n 2025\" class=\"underline-custom !font-montserrat !font-bold !underline-offset-4 !decoration-4 !decoration-moviezine-green !text-md\" rel=\"nofollow noopener\" target=\"_blank\">Tv-redakt\u00f6ren tipsar: De 15 b\u00e4sta nya tv-serierna fr\u00e5n 2025<\/a><\/p>\n<p>L\u00e4s ocks\u00e5: <a href=\"https:\/\/www.moviezine.se\/nyheter\/10-helt-fantastiska-miniserier-fran-2025\" title=\"10 helt fantastiska miniserier fr\u00e5n 2025\" class=\"underline-custom !font-montserrat !font-bold !underline-offset-4 !decoration-4 !decoration-moviezine-green !text-md\" rel=\"nofollow noopener\" target=\"_blank\">10 helt fantastiska miniserier fr\u00e5n 2025<\/a><\/p>\n<p>L\u00e4s ocks\u00e5: <a href=\"https:\/\/www.moviezine.se\/nyheter\/5-grymma-tv-serier-du-missade-under-2025\" title=\"5 sansl\u00f6st bra serier du missade 2025 \u2013 tv-redakt\u00f6rens tips\" class=\"underline-custom !font-montserrat !font-bold !underline-offset-4 !decoration-4 !decoration-moviezine-green !text-md\" rel=\"nofollow noopener\" target=\"_blank\">5 sansl\u00f6st bra serier du missade 2025 \u2013 tv-redakt\u00f6rens tips<\/a><\/p>\n<p>\u201dThe Institute\u201d (Max), \u201dPulse\u201d (Netflix), \u201dVi kommer i fred\u201d (TV4 Play), \u201dSkiftet\u201d (Netflix), \u201dWayward\u201d (Netflix), \u201dButterfly\u201d (Prime Video) och \u201dGlaskupan\u201d (Netflix) f\u00f6ll mig inte heller riktigt i smaken under \u00e5ret. Men har i alla fall haft vissa f\u00f6rmildrande omst\u00e4ndigheter i min mening. Antingen har man haft n\u00e5gra s\u00e4rskilt intressanta id\u00e9er eller \u00e5tminstone f\u00f6rs\u00f6kt flytta fram gr\u00e4nserna p\u00e5 n\u00e5got s\u00e4tt, men av olika anledningar inte lyckats helt och h\u00e5llet. <\/p>\n","protected":false},"excerpt":{"rendered":"Jag brukar alltid k\u00e4nna ett visst motst\u00e5nd inf\u00f6r att skriva listan \u00f6ver \u00e5rets s\u00e4msta tv-serier. Det \u00e4r f\u00f6r&hellip;\n","protected":false},"author":2,"featured_media":119012,"comment_status":"","ping_status":"","sticky":false,"template":"","format":"standard","meta":{"footnotes":""},"categories":[67],"tags":[2692,104,2399,34,31,33,32,30,105],"class_list":{"0":"post-119011","1":"post","2":"type-post","3":"status-publish","4":"format-standard","5":"has-post-thumbnail","7":"category-underhallning","8":"tag-disney-plus","9":"tag-entertainment","10":"tag-netflix","11":"tag-se","12":"tag-svenska","13":"tag-sverige","14":"tag-sweden","15":"tag-swedish","16":"tag-underhallning"},"share_on_mastodon":{"url":"https:\/\/pubeurope.com\/@se\/115796009605729790","error":""},"_links":{"self":[{"href":"https:\/\/www.europesays.com\/se\/wp-json\/wp\/v2\/posts\/119011","targetHints":{"allow":["GET"]}}],"collection":[{"href":"https:\/\/www.europesays.com\/se\/wp-json\/wp\/v2\/posts"}],"about":[{"href":"https:\/\/www.europesays.com\/se\/wp-json\/wp\/v2\/types\/post"}],"author":[{"embeddable":true,"href":"https:\/\/www.europesays.com\/se\/wp-json\/wp\/v2\/users\/2"}],"replies":[{"embeddable":true,"href":"https:\/\/www.europesays.com\/se\/wp-json\/wp\/v2\/comments?post=119011"}],"version-history":[{"count":0,"href":"https:\/\/www.europesays.com\/se\/wp-json\/wp\/v2\/posts\/119011\/revisions"}],"wp:featuredmedia":[{"embeddable":true,"href":"https:\/\/www.europesays.com\/se\/wp-json\/wp\/v2\/media\/119012"}],"wp:attachment":[{"href":"https:\/\/www.europesays.com\/se\/wp-json\/wp\/v2\/media?parent=119011"}],"wp:term":[{"taxonomy":"category","embeddable":true,"href":"https:\/\/www.europesays.com\/se\/wp-json\/wp\/v2\/categories?post=119011"},{"taxonomy":"post_tag","embeddable":true,"href":"https:\/\/www.europesays.com\/se\/wp-json\/wp\/v2\/tags?post=119011"}],"curies":[{"name":"wp","href":"https:\/\/api.w.org\/{rel}","templated":true}]}}