{"id":119013,"date":"2025-12-28T07:28:08","date_gmt":"2025-12-28T07:28:08","guid":{"rendered":"https:\/\/www.europesays.com\/se\/119013\/"},"modified":"2025-12-28T07:28:08","modified_gmt":"2025-12-28T07:28:08","slug":"bostadsmarknaden-2026-priserna-vantas-stiga","status":"publish","type":"post","link":"https:\/\/www.europesays.com\/se\/119013\/","title":{"rendered":"Bostadsmarknaden 2026: Priserna v\u00e4ntas stiga"},"content":{"rendered":"<p>Under 2025 har priserna p\u00e5 s\u00e5v\u00e4l bostadsr\u00e4tter som villor i princip varit of\u00f6r\u00e4ndrade p\u00e5 \u00e5rsbasis.<\/p>\n<p>Det som g\u00f6r att flera experter nu \u00e4nd\u00e5 tror p\u00e5 stigande priser \u00e4r dels f\u00f6rhoppningar om en b\u00e4ttre konjunktur, dels de f\u00f6r\u00e4ndringar som v\u00e4ntas i form av h\u00f6jt bol\u00e5netak samt att det sk\u00e4rpta amorteringskravet tas bort. F\u00f6rslaget v\u00e4ntas ge extra skjuts \u00e5t bostadsmarknaden.<\/p>\n","protected":false},"excerpt":{"rendered":"Under 2025 har priserna p\u00e5 s\u00e5v\u00e4l bostadsr\u00e4tter som villor i princip varit of\u00f6r\u00e4ndrade p\u00e5 \u00e5rsbasis. Det som g\u00f6r&hellip;\n","protected":false},"author":2,"featured_media":119014,"comment_status":"","ping_status":"","sticky":false,"template":"","format":"standard","meta":{"footnotes":""},"categories":[65],"tags":[72,70,71,34,31,33,32,30],"class_list":{"0":"post-119013","1":"post","2":"type-post","3":"status-publish","4":"format-standard","5":"has-post-thumbnail","7":"category-ekonomi","8":"tag-business","9":"tag-economy","10":"tag-ekonomi","11":"tag-se","12":"tag-svenska","13":"tag-sverige","14":"tag-sweden","15":"tag-swedish"},"share_on_mastodon":{"url":"https:\/\/pubeurope.com\/@se\/115796017397830167","error":""},"_links":{"self":[{"href":"https:\/\/www.europesays.com\/se\/wp-json\/wp\/v2\/posts\/119013","targetHints":{"allow":["GET"]}}],"collection":[{"href":"https:\/\/www.europesays.com\/se\/wp-json\/wp\/v2\/posts"}],"about":[{"href":"https:\/\/www.europesays.com\/se\/wp-json\/wp\/v2\/types\/post"}],"author":[{"embeddable":true,"href":"https:\/\/www.europesays.com\/se\/wp-json\/wp\/v2\/users\/2"}],"replies":[{"embeddable":true,"href":"https:\/\/www.europesays.com\/se\/wp-json\/wp\/v2\/comments?post=119013"}],"version-history":[{"count":0,"href":"https:\/\/www.europesays.com\/se\/wp-json\/wp\/v2\/posts\/119013\/revisions"}],"wp:featuredmedia":[{"embeddable":true,"href":"https:\/\/www.europesays.com\/se\/wp-json\/wp\/v2\/media\/119014"}],"wp:attachment":[{"href":"https:\/\/www.europesays.com\/se\/wp-json\/wp\/v2\/media?parent=119013"}],"wp:term":[{"taxonomy":"category","embeddable":true,"href":"https:\/\/www.europesays.com\/se\/wp-json\/wp\/v2\/categories?post=119013"},{"taxonomy":"post_tag","embeddable":true,"href":"https:\/\/www.europesays.com\/se\/wp-json\/wp\/v2\/tags?post=119013"}],"curies":[{"name":"wp","href":"https:\/\/api.w.org\/{rel}","templated":true}]}}