{"id":119025,"date":"2025-12-28T07:39:26","date_gmt":"2025-12-28T07:39:26","guid":{"rendered":"https:\/\/www.europesays.com\/se\/119025\/"},"modified":"2025-12-28T07:39:26","modified_gmt":"2025-12-28T07:39:26","slug":"handgranater-allt-vanligare","status":"publish","type":"post","link":"https:\/\/www.europesays.com\/se\/119025\/","title":{"rendered":"Handgranater allt vanligare"},"content":{"rendered":"<p>share-arrowDela<\/p>\n<p>unsaveSpara<\/p>\n<p>expand-left<\/p>\n<p>helsk\u00e4rm<img decoding=\"async\" class=\"image-asset hyperion-css-u06ts1\" data-test-tag=\"image-asset\" src=\"https:\/\/www.europesays.com\/se\/wp-content\/uploads\/2025\/12\/7b9db8aa-4c66-4377-9896-1b1e68a79542\"  alt=\"Polisens bombtekniker p\u00e5 plats i skyddsdr\u00e4kt och med sands\u00e4ckar f\u00f6r att oskadligg\u00f6ra flera handgranater i trapphuset p\u00e5 ett flerfamiljshus i Malm\u00f6 i september i \u00e5r. Arkivbild.\"  loading=\"eager\" fetchpriority=\"high\" style=\"aspect-ratio:1900 \/ 1326\"\/>Polisens bombtekniker p\u00e5 plats i skyddsdr\u00e4kt och med sands\u00e4ckar f\u00f6r att oskadligg\u00f6ra flera handgranater i trapphuset p\u00e5 ett flerfamiljshus i Malm\u00f6 i september i \u00e5r. Arkivbild. Foto: Johan Nilsson \/ TT<\/p>\n<p class=\"hyperion-css-1shl3oz\" data-test-tag=\"lead-text\">Antalet handgranater som anv\u00e4nds i spr\u00e4ngd\u00e5d i Sverige har mer \u00e4n f\u00f6rdubblats sedan f\u00f6rra \u00e5ret.<\/p>\n<p class=\"hyperion-css-1v9qo5x\">Bara under 2025 har polisen haft runt 100 \u00e4renden med handgranater, i 66 av fallen har de ocks\u00e5 exploderat, rapporterar Sveriges radio Ekot.<\/p>\n<p class=\"hyperion-css-1v9qo5x\">\u2013 Vi har sett en \u00f6kning av b\u00e5de anv\u00e4ndningen av handgranater i den kriminella v\u00e5ldet men ocks\u00e5 efterfr\u00e5gan p\u00e5 dem, s\u00e4ger Malin Nygren, chef p\u00e5 Nationellt bombdatacenter till radion.<\/p>\n<p class=\"hyperion-css-1v9qo5x\">I flera av fallen d\u00e4r handgranater har anv\u00e4nts har m\u00e4nniskor skadats, bland annat skadades en mamma och hennes barn i f\u00f6rskole\u00e5ldern i april i \u00e5r av att en handgranat kastades in i rummet d\u00e4r de sov s\u00f6der om Stockholm. Mamman fick livshotande skador och flickan skadades allvarligt. En m\u00e5nad senare skadades en \u00e4ldre kvinna i \u00d6rebro n\u00e4r en handgranat kastades in i hennes sovrum.<\/p>\n<p class=\"hyperion-css-1v9qo5x\">I b\u00e5da fallen konstaterades att handgranaterna kastats in i fel l\u00e4genhet.<\/p>\n<p class=\"hyperion-css-1v9qo5x\">\u00c4rendena handlar ocks\u00e5 om handgranater som hittats innan de kunnat anv\u00e4ndas, till exempel i n\u00e5gons bostad eller under transport.<\/p>\n","protected":false},"excerpt":{"rendered":"share-arrowDela unsaveSpara expand-left helsk\u00e4rmPolisens bombtekniker p\u00e5 plats i skyddsdr\u00e4kt och med sands\u00e4ckar f\u00f6r att oskadligg\u00f6ra flera handgranater i&hellip;\n","protected":false},"author":2,"featured_media":119026,"comment_status":"","ping_status":"","sticky":false,"template":"","format":"standard","meta":{"footnotes":""},"categories":[12],"tags":[22,23,26,27,17,21,24,25,28,29,15,16,18,34,31,33,32,30,19,20],"class_list":{"0":"post-119025","1":"post","2":"type-post","3":"status-publish","4":"format-standard","5":"has-post-thumbnail","7":"category-sverige","8":"tag-breaking-news","9":"tag-breakingnews","10":"tag-featured-news","11":"tag-featurednews","12":"tag-headlines","13":"tag-huvudnyheter","14":"tag-latest-news","15":"tag-latestnews","16":"tag-main-news","17":"tag-mainnews","18":"tag-news","19":"tag-nyheter","20":"tag-rubriker","21":"tag-se","22":"tag-svenska","23":"tag-sverige","24":"tag-sweden","25":"tag-swedish","26":"tag-top-stories","27":"tag-topstories"},"share_on_mastodon":{"url":"https:\/\/pubeurope.com\/@se\/115796060813810914","error":""},"_links":{"self":[{"href":"https:\/\/www.europesays.com\/se\/wp-json\/wp\/v2\/posts\/119025","targetHints":{"allow":["GET"]}}],"collection":[{"href":"https:\/\/www.europesays.com\/se\/wp-json\/wp\/v2\/posts"}],"about":[{"href":"https:\/\/www.europesays.com\/se\/wp-json\/wp\/v2\/types\/post"}],"author":[{"embeddable":true,"href":"https:\/\/www.europesays.com\/se\/wp-json\/wp\/v2\/users\/2"}],"replies":[{"embeddable":true,"href":"https:\/\/www.europesays.com\/se\/wp-json\/wp\/v2\/comments?post=119025"}],"version-history":[{"count":0,"href":"https:\/\/www.europesays.com\/se\/wp-json\/wp\/v2\/posts\/119025\/revisions"}],"wp:featuredmedia":[{"embeddable":true,"href":"https:\/\/www.europesays.com\/se\/wp-json\/wp\/v2\/media\/119026"}],"wp:attachment":[{"href":"https:\/\/www.europesays.com\/se\/wp-json\/wp\/v2\/media?parent=119025"}],"wp:term":[{"taxonomy":"category","embeddable":true,"href":"https:\/\/www.europesays.com\/se\/wp-json\/wp\/v2\/categories?post=119025"},{"taxonomy":"post_tag","embeddable":true,"href":"https:\/\/www.europesays.com\/se\/wp-json\/wp\/v2\/tags?post=119025"}],"curies":[{"name":"wp","href":"https:\/\/api.w.org\/{rel}","templated":true}]}}