{"id":119027,"date":"2025-12-28T07:40:15","date_gmt":"2025-12-28T07:40:15","guid":{"rendered":"https:\/\/www.europesays.com\/se\/119027\/"},"modified":"2025-12-28T07:40:15","modified_gmt":"2025-12-28T07:40:15","slug":"william-nylander-skadad-och-malskytt-mot-ottawa-i-nhl","status":"publish","type":"post","link":"https:\/\/www.europesays.com\/se\/119027\/","title":{"rendered":"William Nylander skadad och m\u00e5lskytt mot Ottawa i NHL"},"content":{"rendered":"<p><a data-test-tag=\"internal-link\" href=\"https:\/\/www.aftonbladet.se\/av\/per-bjurman\" class=\"hyperion-css-13ns1rr\" rel=\"nofollow noopener\" target=\"\" aria-label=\"Se alla artiklar av Per Bjurman\"><img decoding=\"async\" class=\"image-asset hyperion-css-n6kkq1\" data-test-tag=\"image-asset\" src=\"https:\/\/www.europesays.com\/se\/wp-content\/uploads\/2025\/12\/1766907614_693_a76ef06d-caf0-4717-9796-06335a97227e\"  alt=\"\"  loading=\"lazy\" fetchpriority=\"auto\" style=\"aspect-ratio:1900 \/ 1900\"\/><\/a><\/p>\n<p class=\"boxtextgrotesk-root_baa6 hyperion-css-1w346fg\">Uppdaterad 08.06 | Publicerad 07.55<\/p>\n<p>share-arrowDela<\/p>\n<p>unsaveSpara<\/p>\n<p class=\"hyperion-css-1shl3oz\" data-test-tag=\"lead-text\">NEW YORK. William Nylander gjorde m\u00e5l i natt igen \u2013 men tvingades sedan avbryta \u201dSlaget om Ontario\u201d p\u00e5 grund av skada.<\/p>\n<p class=\"hyperion-css-1shl3oz\" data-test-tag=\"lead-text\">\u2013 Han \u00e4r \u201dday to day\u201d, meddelar coachen Craig Berube.<\/p>\n<p class=\"hyperion-css-1v9qo5x\">Matchen mellan Toronto och Ottawa i Scotiabank Arena hann inte mer \u00e4n b\u00f6rja f\u00f6rr\u00e4n Maple Leafs tilld\u00f6mdes ett numer\u00e4rt \u00f6verl\u00e4ge och det i sin tur hann inte heller mer \u00e4n b\u00f6rja innan <a data-test-tag=\"internal-link\" href=\"https:\/\/www.aftonbladet.se\/tagg\/william-nylander\" class=\"hyperion-css-15jkft9\" rel=\"nofollow noopener\" target=\"\" aria-label=\"William Nylander\" theme=\"sportbladet\">William Nylander<\/a> prickade in fjortonde m\u00e5let f\u00f6r s\u00e4songen.<\/p>\n<p class=\"hyperion-css-1v9qo5x\">Ett lovande tecken, sett till att han s\u00e5 sent som kv\u00e4llen innan julafton br\u00f6t en m\u00e5nadsl\u00e5ng m\u00e5ltorka med tv\u00e5 fulltr\u00e4ffar.<\/p>\n<p class=\"hyperion-css-1v9qo5x\">\u201dLill-Nyllet p\u00e5 g\u00e5ng igen\u201d, hade en r\u00e4tt s\u00e5 given rubrik kunnat formuleras.<\/p>\n<p>\u00c5terkom inte<\/p>\n<p class=\"hyperion-css-1v9qo5x\">Men i\u00a0st\u00e4llet m\u00e5ste rapporteringen vinklas p\u00e5 tr\u00e5kigare saker, f\u00f6r en bit in i andra perioden trampade den svenske stj\u00e4rnan snett, tog sig ut i omkl\u00e4dningsrummet och \u00e5terkom sedan inte mer i matchen.<\/p>\n<p>expand-left<\/p>\n<p>helsk\u00e4rm<img decoding=\"async\" class=\"image-asset hyperion-css-u06ts1\" data-test-tag=\"image-asset\" src=\"https:\/\/www.europesays.com\/se\/wp-content\/uploads\/2025\/12\/987cd99d-8c8e-461d-b8e8-1fcb7f33e4bb\"  alt=\"William Nylander.\"  loading=\"eager\" fetchpriority=\"high\" style=\"aspect-ratio:1900 \/ 1267\"\/>William Nylander. Foto: Sammy Kogan \/ AP<\/p>\n<p class=\"hyperion-css-1v9qo5x\">\u2013 Han \u00e5ker med oss till Detroit f\u00f6r s\u00f6ndagens match, vilket \u00e4r ett r\u00e4tt bra tecken. Men om han kan spela f\u00e5r vi se. Han har en skada i nedre delen av kroppen, vi ser honom som \u201dday to day\u201d, s\u00e4ger coachen Craig Berube.<\/p>\n<p class=\"hyperion-css-1v9qo5x\">Den r\u00e4tt ystra och sv\u00e4ngiga nystarten mot Senators vann Leafs till slut med 7-5.<\/p>\n<p class=\"hyperion-css-1v9qo5x\">Fabian Zetterlund assisterade till ett av g\u00e4sternas m\u00e5l.<\/p>\n<p>H\u00e4ndelserInb\u00f6rdes m\u00f6ten5 senasteTabell<\/p>\n<p>Arena: Scotiabank Arena<\/p>\n<ul class=\"eventperiod-eventList_faaa\">\n<li class=\"eventrow-eventRow_630f\">\n<p>A. Matthews <b>W. Nylander\u00a0(1-0)\u00a0<\/b><\/p>\n<p>1&#8242;<\/p>\n<\/li>\n<li class=\"eventrow-eventRow_630f\">\n<p>8&#8242;<\/p>\n<\/li>\n<li class=\"eventrow-eventRow_630f\">\n<p>14&#8242;<\/p>\n<\/li>\n<li class=\"eventrow-eventRow_630f\">\n<p>M. Domi <b>M. Knies\u00a0(2-0)\u00a0<\/b><\/p>\n<p>15&#8242;<\/p>\n<\/li>\n<li class=\"eventrow-eventRow_630f\">\n<p>18&#8242;<\/p>\n<p>J. Spence <b>N. Cousins\u00a0(2-1)\u00a0<\/b><\/p>\n<\/li>\n<\/ul>\n<ul class=\"eventperiod-eventList_faaa\">\n<li class=\"eventrow-eventRow_630f\">\n<p>21&#8242;<\/p>\n<p>C. Giroux <b>R. Greig\u00a0(2-2)\u00a0<\/b><\/p>\n<\/li>\n<li class=\"eventrow-eventRow_630f\">\n<p>A. Matthews <b>B. Mcmann\u00a0(3-2)\u00a0<\/b><\/p>\n<p>24&#8242;<\/p>\n<\/li>\n<li class=\"eventrow-eventRow_630f\">\n<p>M. Domi <b>A. Matthews\u00a0(4-2)\u00a0<\/b><\/p>\n<p>28&#8242;<\/p>\n<\/li>\n<li class=\"eventrow-eventRow_630f\">\n<p>M. Knies <b>N. Robertson\u00a0(5-2)\u00a0<\/b><\/p>\n<p>29&#8242;<\/p>\n<\/li>\n<\/ul>\n<ul class=\"eventperiod-eventList_faaa\">\n<li class=\"eventrow-eventRow_630f\">\n<p>41&#8242;<\/p>\n<p>D. Cozens <b>D. Batherson\u00a0(5-3)\u00a0<\/b><\/p>\n<\/li>\n<li class=\"eventrow-eventRow_630f\">\n<p>42&#8242;<\/p>\n<\/li>\n<li class=\"eventrow-eventRow_630f\">\n<p>M. Maccelli <b>M. Knies\u00a0(6-4)\u00a0<\/b><\/p>\n<p>46&#8242;<\/p>\n<p>F. Zetterlund <b>T. Stutzle\u00a0(5-4)\u00a0<\/b><\/p>\n<\/li>\n<li class=\"eventrow-eventRow_630f\">\n<p>50&#8242;<\/p>\n<p>C. Giroux <b>J. Spence\u00a0(6-5)\u00a0<\/b><\/p>\n<\/li>\n<li class=\"eventrow-eventRow_630f\">\n<p>53&#8242;<\/p>\n<\/li>\n<li class=\"eventrow-eventRow_630f\">\n<p>59&#8242;<\/p>\n<\/li>\n<\/ul>\n<p><a class=\"default eventsummary-followLink_0f93 hyperion-css-1u8qly9\" href=\"https:\/\/malservice.aftonbladet.se\/match\/_\/713636\/rapport\" target=\"_blank\" rel=\"noopener noreferrer nofollow\" data-test-tag=\"external-link\">L\u00e4s mer p\u00e5 M\u00e5lservicechevron-right<\/a><\/p>\n","protected":false},"excerpt":{"rendered":"Uppdaterad 08.06 | Publicerad 07.55 share-arrowDela unsaveSpara NEW YORK. William Nylander gjorde m\u00e5l i natt igen \u2013 men&hellip;\n","protected":false},"author":2,"featured_media":119028,"comment_status":"","ping_status":"","sticky":false,"template":"","format":"standard","meta":{"footnotes":""},"categories":[5],"tags":[22,23,26,27,17,21,24,25,28,29,15,16,18,34,31,33,32,30,19,20],"class_list":{"0":"post-119027","1":"post","2":"type-post","3":"status-publish","4":"format-standard","5":"has-post-thumbnail","7":"category-rubriker","8":"tag-breaking-news","9":"tag-breakingnews","10":"tag-featured-news","11":"tag-featurednews","12":"tag-headlines","13":"tag-huvudnyheter","14":"tag-latest-news","15":"tag-latestnews","16":"tag-main-news","17":"tag-mainnews","18":"tag-news","19":"tag-nyheter","20":"tag-rubriker","21":"tag-se","22":"tag-svenska","23":"tag-sverige","24":"tag-sweden","25":"tag-swedish","26":"tag-top-stories","27":"tag-topstories"},"share_on_mastodon":{"url":"https:\/\/pubeurope.com\/@se\/115796064805770382","error":""},"_links":{"self":[{"href":"https:\/\/www.europesays.com\/se\/wp-json\/wp\/v2\/posts\/119027","targetHints":{"allow":["GET"]}}],"collection":[{"href":"https:\/\/www.europesays.com\/se\/wp-json\/wp\/v2\/posts"}],"about":[{"href":"https:\/\/www.europesays.com\/se\/wp-json\/wp\/v2\/types\/post"}],"author":[{"embeddable":true,"href":"https:\/\/www.europesays.com\/se\/wp-json\/wp\/v2\/users\/2"}],"replies":[{"embeddable":true,"href":"https:\/\/www.europesays.com\/se\/wp-json\/wp\/v2\/comments?post=119027"}],"version-history":[{"count":0,"href":"https:\/\/www.europesays.com\/se\/wp-json\/wp\/v2\/posts\/119027\/revisions"}],"wp:featuredmedia":[{"embeddable":true,"href":"https:\/\/www.europesays.com\/se\/wp-json\/wp\/v2\/media\/119028"}],"wp:attachment":[{"href":"https:\/\/www.europesays.com\/se\/wp-json\/wp\/v2\/media?parent=119027"}],"wp:term":[{"taxonomy":"category","embeddable":true,"href":"https:\/\/www.europesays.com\/se\/wp-json\/wp\/v2\/categories?post=119027"},{"taxonomy":"post_tag","embeddable":true,"href":"https:\/\/www.europesays.com\/se\/wp-json\/wp\/v2\/tags?post=119027"}],"curies":[{"name":"wp","href":"https:\/\/api.w.org\/{rel}","templated":true}]}}