{"id":119041,"date":"2025-12-28T07:56:20","date_gmt":"2025-12-28T07:56:20","guid":{"rendered":"https:\/\/www.europesays.com\/se\/119041\/"},"modified":"2025-12-28T07:56:20","modified_gmt":"2025-12-28T07:56:20","slug":"stor-sokinsats-efter-forsvunnen-kvinna-vasterbottens-kuriren","status":"publish","type":"post","link":"https:\/\/www.europesays.com\/se\/119041\/","title":{"rendered":"Stor s\u00f6kinsats efter f\u00f6rsvunnen kvinna &#8211; V\u00e4sterbottens-Kuriren"},"content":{"rendered":"<ol>\n<li><a href=\"https:\/\/news.google.com\/rss\/articles\/CBMifkFVX3lxTE42TFF4QTRjdTlrcUdRd3YyVjFsZDFzWWZwNENTa21kQnBVRmU3X2JOVmJPQlNDTjVQYnZxMEhzazVqbGY1Ry1wQU9MQmNHV1FKTFRybEJzbDAwbm5LZUhQbV9PUlU2WGM2dlZYZzNmSjN2V3EyQk1BV0NXbnd0Zw?oc=5\" target=\"_blank\" rel=\"nofollow noopener\">Stor s\u00f6kinsats efter f\u00f6rsvunnen kvinna<\/a>&nbsp;&nbsp;V\u00e4sterbottens-Kuriren<\/li>\n<li><a href=\"https:\/\/news.google.com\/rss\/articles\/CBMilAFBVV95cUxNSVYtd2FYalBqeUtTSkFqQ0dHT2JFQXlPNFhlN1duS2tJS1BjUWF5N3NKVnZjTGRXdnBQSi0zVU41OThvTDd4ZmRsSlBQUGNzQTl0cHFDb2pMWldKRW9jSEx5SDV4VEFETkxHWnFlRmVuVmpBUFJlanhLY0sxUFhCWUx3Ykl1RVc4dEM2VHVIN0M3YVlN?oc=5\" target=\"_blank\" rel=\"nofollow noopener\">S\u00f6kandet i R\u00f6nninge forts\u00e4tter \u2013 nya avsp\u00e4rrningar vid sj\u00f6<\/a>&nbsp;&nbsp;Aftonbladet<\/li>\n<li><a href=\"https:\/\/news.google.com\/rss\/articles\/CBMigAFBVV95cUxPMHVQcDgtb3BFVDlBa2Itd0hNZ2tKSEZoc0h1QTVYa1hEb1N6NjZ6TTZTb0Exb2RyQTZkeFppUzlfRWFxYVlSVnFwbE8xdURIUkNxQmJlWVA1bGd3eXJfZFI4RnI1NE8zV21JRnkxelNNTUoyT3ZLd01QdkJ1Z3BfcA?oc=5\" target=\"_blank\" rel=\"nofollow noopener\">Stor polisinsats i Salem \u2013 kvinna f\u00f6rsvunnen<\/a>&nbsp;&nbsp;SVT Nyheter<\/li>\n<li><a href=\"https:\/\/news.google.com\/rss\/articles\/CBMid0FVX3lxTE1kQ0dIS2xyZnowVEc5Y0FvLVZZY0JKOUlzZlVreWY2MmZ4RFVHSFgzVkhVd0ZQQ194NjJwTW9LaXpOeW5zU0Ruc2FnT2VxaWxmZ180Yk9oekVmc2EwZ2FuUWZkSm1oSzlvOFBQSTJxZjRoRGNza0FN?oc=5\" target=\"_blank\" rel=\"nofollow noopener\">R\u00f6nningebor r\u00e4dda: \u201dH\u00e5ller min dotter inomhus\u201d<\/a>&nbsp;&nbsp;Omni<\/li>\n<li><a href=\"https:\/\/news.google.com\/rss\/articles\/CBMilgFBVV95cUxNc0dQd3J2b19kMERObHFoS3BvUzZhbmhKOXd1M25zUDVDZXd1YzR3QVN6RE1NNnpYR3VaWUVoUm1yRTJJNVQ3YjhFWThCYmxIcHh0cGFWV1phTnE2cEktWGlSb1RRVFJySFdjanVXOWJTdHFsSkRGRS1RYm9iT0gyUkNXNG41bkI4LUg5WTI5MnViQXhZbVE?oc=5\" target=\"_blank\" rel=\"nofollow noopener\">Kvinna f\u00f6rsvunnen i R\u00f6nninge \u2013 h\u00e4r s\u00e5gs hon sist<\/a>&nbsp;&nbsp;Expressen<\/li>\n<\/ol>\n","protected":false},"excerpt":{"rendered":"Stor s\u00f6kinsats efter f\u00f6rsvunnen kvinna&nbsp;&nbsp;V\u00e4sterbottens-Kuriren S\u00f6kandet i R\u00f6nninge forts\u00e4tter \u2013 nya avsp\u00e4rrningar vid sj\u00f6&nbsp;&nbsp;Aftonbladet Stor polisinsats i Salem&hellip;\n","protected":false},"author":2,"featured_media":119042,"comment_status":"","ping_status":"","sticky":false,"template":"","format":"standard","meta":{"footnotes":""},"categories":[12],"tags":[22,23,26,27,17,21,24,25,28,29,15,16,18,34,31,33,32,30,19,20],"class_list":{"0":"post-119041","1":"post","2":"type-post","3":"status-publish","4":"format-standard","5":"has-post-thumbnail","7":"category-sverige","8":"tag-breaking-news","9":"tag-breakingnews","10":"tag-featured-news","11":"tag-featurednews","12":"tag-headlines","13":"tag-huvudnyheter","14":"tag-latest-news","15":"tag-latestnews","16":"tag-main-news","17":"tag-mainnews","18":"tag-news","19":"tag-nyheter","20":"tag-rubriker","21":"tag-se","22":"tag-svenska","23":"tag-sverige","24":"tag-sweden","25":"tag-swedish","26":"tag-top-stories","27":"tag-topstories"},"share_on_mastodon":{"url":"https:\/\/pubeurope.com\/@se\/115796127535628700","error":""},"_links":{"self":[{"href":"https:\/\/www.europesays.com\/se\/wp-json\/wp\/v2\/posts\/119041","targetHints":{"allow":["GET"]}}],"collection":[{"href":"https:\/\/www.europesays.com\/se\/wp-json\/wp\/v2\/posts"}],"about":[{"href":"https:\/\/www.europesays.com\/se\/wp-json\/wp\/v2\/types\/post"}],"author":[{"embeddable":true,"href":"https:\/\/www.europesays.com\/se\/wp-json\/wp\/v2\/users\/2"}],"replies":[{"embeddable":true,"href":"https:\/\/www.europesays.com\/se\/wp-json\/wp\/v2\/comments?post=119041"}],"version-history":[{"count":0,"href":"https:\/\/www.europesays.com\/se\/wp-json\/wp\/v2\/posts\/119041\/revisions"}],"wp:featuredmedia":[{"embeddable":true,"href":"https:\/\/www.europesays.com\/se\/wp-json\/wp\/v2\/media\/119042"}],"wp:attachment":[{"href":"https:\/\/www.europesays.com\/se\/wp-json\/wp\/v2\/media?parent=119041"}],"wp:term":[{"taxonomy":"category","embeddable":true,"href":"https:\/\/www.europesays.com\/se\/wp-json\/wp\/v2\/categories?post=119041"},{"taxonomy":"post_tag","embeddable":true,"href":"https:\/\/www.europesays.com\/se\/wp-json\/wp\/v2\/tags?post=119041"}],"curies":[{"name":"wp","href":"https:\/\/api.w.org\/{rel}","templated":true}]}}