{"id":119066,"date":"2025-12-28T08:23:13","date_gmt":"2025-12-28T08:23:13","guid":{"rendered":"https:\/\/www.europesays.com\/se\/119066\/"},"modified":"2025-12-28T08:23:13","modified_gmt":"2025-12-28T08:23:13","slug":"valencia-tranaren-fernando-martin-och-hanstre-barn-dod-i-olycka","status":"publish","type":"post","link":"https:\/\/www.europesays.com\/se\/119066\/","title":{"rendered":"Valencia-tr\u00e4naren Fernando Martin och hans\ntre barn d\u00f6d i olycka"},"content":{"rendered":"<p>Publicerad 28 dec 2025 kl 01.38Uppdaterad kl 02.18<\/p>\n<p>Fotbollstr\u00e4naren Fernando Martin, 44, och tre av hans barn har d\u00f6tt i en b\u00e5tolycka.<\/p>\n<p>Valencia-tr\u00e4naren var p\u00e5 semester med sin familj n\u00e4r b\u00e5ten sj\u00f6nk under ett kraftigt ov\u00e4der.<\/p>\n<p>Frun och det yngsta barnet \u00f6verlevde olyckan.<\/p>\n<p><img   alt=\"\"\/><\/p>\n<p>Fernando Martin blev 44 \u00e5r<\/p>\n<p>Foto: Valencia<\/p>\n<p>\u00d6ppna bild i helsk\u00e4rm<img loading=\"lazy\"   alt=\"\"\/><\/p>\n<p>En stor s\u00f6kinsats inleddes.<\/p>\n<p>Foto: BASARNAS HANDOUT \/ EPA BASARNAS<\/p>\n<p>\u00d6ppna bild i helsk\u00e4rm<\/p>\n<p>Fernando Martin, tr\u00e4nare f\u00f6r Valencias B-lag f\u00f6r damer, var med sin familj p\u00e5 semester i <a href=\"https:\/\/www.expressen.se\/tagg\/location\/indonesien\/\" class=\"\" rel=\"nofollow noopener\" target=\"_blank\">Indonesien<\/a> under julledigheten.<\/p>\n<p>N\u00e4r familjen p\u00e5 fredagen tog en b\u00e5t mellan tv\u00e5 \u00f6ar bl\u00e5ste det upp till rej\u00e4l storm och v\u00e5gorna beskrivs som flera meter h\u00f6ga.<\/p>\n<p>B\u00e5ten drabbades d\u00e5 av ett motorhaveri och sj\u00f6nk.<\/p>\n<p>En stor r\u00e4ddningsinsats inleddes och sju av de elva personerna ombord r\u00e4ddades fr\u00e5n vattnet, bland andra Martins fru Andrea och parets sju\u00e5riga dotter.<\/p>\n<p>Fernando Martin och parets tre \u00f6vriga barn i \u00e5ldrarna nio, tio och tolv, kunde inte r\u00e4ddasoch har bekr\u00e4ftats d\u00f6da efter olyckan.<\/p>\n<p>\u00d6n st\u00e4ngs f\u00f6r turister<\/p>\n<p>\u201dVi \u00e4r oerh\u00f6rt sorgsna efter bortg\u00e5ngen av Fernando Martin och hans tre barn\u201d, skriver den spanska klubben i ett uttalande.<\/p>\n<p>Klubben skriver ocks\u00e5 at de skickar sina tankar och sitt st\u00f6d till de \u00f6verlevande i familjen samt till v\u00e4nner och kolleger.<\/p>\n<p>Fruns pappa Enrique Ortuno ber\u00e4ttar i en intervju med <a href=\"https:\/\/www.lasprovincias.es\/comunitat\/dueno-coso-hija-pudo-salir-pequena-yerno-20251227122618-nt.html?ref=https%3A%2F%2Fwww.lasprovincias.es%2Fcomunitat%2Fdueno-coso-hija-pudo-salir-pequena-yerno-20251227122618-nt.html\" rel=\"nofollow noopener\" target=\"_blank\">Las Provincias<\/a> att hans dotter och det yngsta barnet kastades av b\u00e5ten och kunde r\u00e4ddas.<\/p>\n<p>\u2013 Mina tre barnbarn och min sv\u00e4rson fastnade troligtvis p\u00e5 b\u00e5ten, som slets is\u00e4r och sj\u00f6nk fort, s\u00e4ger han.<\/p>\n<p>\u00d6n Padar, som b\u00e5ten var p\u00e5 v\u00e4g till, har nu st\u00e4ngts av f\u00f6r alla turister efter olyckan och det oroliga v\u00e4dret.<\/p>\n","protected":false},"excerpt":{"rendered":"Publicerad 28 dec 2025 kl 01.38Uppdaterad kl 02.18 Fotbollstr\u00e4naren Fernando Martin, 44, och tre av hans barn har&hellip;\n","protected":false},"author":2,"featured_media":119067,"comment_status":"","ping_status":"","sticky":false,"template":"","format":"standard","meta":{"footnotes":""},"categories":[68],"tags":[5341,12725,34,111,110,31,33,32,30,427],"class_list":{"0":"post-119066","1":"post","2":"type-post","3":"status-publish","4":"format-standard","5":"has-post-thumbnail","7":"category-sport","8":"tag-location-indonesien","9":"tag-organization-valencia-cf","10":"tag-se","11":"tag-sport","12":"tag-sports","13":"tag-svenska","14":"tag-sverige","15":"tag-sweden","16":"tag-swedish","17":"tag-topic-dodsfall"},"share_on_mastodon":{"url":"https:\/\/pubeurope.com\/@se\/115796233613888527","error":""},"_links":{"self":[{"href":"https:\/\/www.europesays.com\/se\/wp-json\/wp\/v2\/posts\/119066","targetHints":{"allow":["GET"]}}],"collection":[{"href":"https:\/\/www.europesays.com\/se\/wp-json\/wp\/v2\/posts"}],"about":[{"href":"https:\/\/www.europesays.com\/se\/wp-json\/wp\/v2\/types\/post"}],"author":[{"embeddable":true,"href":"https:\/\/www.europesays.com\/se\/wp-json\/wp\/v2\/users\/2"}],"replies":[{"embeddable":true,"href":"https:\/\/www.europesays.com\/se\/wp-json\/wp\/v2\/comments?post=119066"}],"version-history":[{"count":0,"href":"https:\/\/www.europesays.com\/se\/wp-json\/wp\/v2\/posts\/119066\/revisions"}],"wp:featuredmedia":[{"embeddable":true,"href":"https:\/\/www.europesays.com\/se\/wp-json\/wp\/v2\/media\/119067"}],"wp:attachment":[{"href":"https:\/\/www.europesays.com\/se\/wp-json\/wp\/v2\/media?parent=119066"}],"wp:term":[{"taxonomy":"category","embeddable":true,"href":"https:\/\/www.europesays.com\/se\/wp-json\/wp\/v2\/categories?post=119066"},{"taxonomy":"post_tag","embeddable":true,"href":"https:\/\/www.europesays.com\/se\/wp-json\/wp\/v2\/tags?post=119066"}],"curies":[{"name":"wp","href":"https:\/\/api.w.org\/{rel}","templated":true}]}}