{"id":119071,"date":"2025-12-28T08:36:19","date_gmt":"2025-12-28T08:36:19","guid":{"rendered":"https:\/\/www.europesays.com\/se\/119071\/"},"modified":"2025-12-28T08:36:19","modified_gmt":"2025-12-28T08:36:19","slug":"over-2-000-fortfarande-utan-strom-i-vasterbotten","status":"publish","type":"post","link":"https:\/\/www.europesays.com\/se\/119071\/","title":{"rendered":"\u00d6ver 2\u00a0000 fortfarande utan str\u00f6m i V\u00e4sterbotten"},"content":{"rendered":"<p>P\u00e5 s\u00f6ndagsmorgonen \u00e4r \u00f6ver 2\u00a0000 hush\u00e5ll fortfarande str\u00f6ml\u00f6sa, de flesta \u00e4r Ume\u00e5 energis kunder.<\/p>\n<p>\u201dM\u00e5ls\u00e4ttningen \u00e4r att s\u00e5 m\u00e5nga kunder som m\u00f6jligt ska f\u00e5 tillbaka str\u00f6mmen under s\u00f6ndagen, men utfallet beror p\u00e5 skadornas omfattning och aktuella v\u00e4derf\u00f6rh\u00e5llanden\u201d, skriver de i ett pressmeddelande under l\u00f6rdagskv\u00e4llen.<\/p>\n<p>Enligt elbolaget har de h\u00e5rda vindarna f\u00e5tt m\u00e5nga tr\u00e4d att falla \u00f6ver elledningar, fr\u00e4mst i kustn\u00e4ra omr\u00e5den och \u00f6ster om Ume\u00e5.<\/p>\n<p>De har mobiliserat extra personal som ska arbeta i de h\u00e5rdast drabbade omr\u00e5dena.<\/p>\n<p>\u00c4ven Skellefte\u00e5 kraft och Vattenfall har ett hundratal str\u00f6ml\u00f6sa kunder under s\u00f6ndagsmorgonen.<\/p>\n","protected":false},"excerpt":{"rendered":"P\u00e5 s\u00f6ndagsmorgonen \u00e4r \u00f6ver 2\u00a0000 hush\u00e5ll fortfarande str\u00f6ml\u00f6sa, de flesta \u00e4r Ume\u00e5 energis kunder. \u201dM\u00e5ls\u00e4ttningen \u00e4r att s\u00e5&hellip;\n","protected":false},"author":2,"featured_media":119072,"comment_status":"","ping_status":"","sticky":false,"template":"","format":"standard","meta":{"footnotes":""},"categories":[65],"tags":[72,70,71,34,31,33,32,30],"class_list":{"0":"post-119071","1":"post","2":"type-post","3":"status-publish","4":"format-standard","5":"has-post-thumbnail","7":"category-ekonomi","8":"tag-business","9":"tag-economy","10":"tag-ekonomi","11":"tag-se","12":"tag-svenska","13":"tag-sverige","14":"tag-sweden","15":"tag-swedish"},"share_on_mastodon":{"url":"https:\/\/pubeurope.com\/@se\/115796284818459732","error":""},"_links":{"self":[{"href":"https:\/\/www.europesays.com\/se\/wp-json\/wp\/v2\/posts\/119071","targetHints":{"allow":["GET"]}}],"collection":[{"href":"https:\/\/www.europesays.com\/se\/wp-json\/wp\/v2\/posts"}],"about":[{"href":"https:\/\/www.europesays.com\/se\/wp-json\/wp\/v2\/types\/post"}],"author":[{"embeddable":true,"href":"https:\/\/www.europesays.com\/se\/wp-json\/wp\/v2\/users\/2"}],"replies":[{"embeddable":true,"href":"https:\/\/www.europesays.com\/se\/wp-json\/wp\/v2\/comments?post=119071"}],"version-history":[{"count":0,"href":"https:\/\/www.europesays.com\/se\/wp-json\/wp\/v2\/posts\/119071\/revisions"}],"wp:featuredmedia":[{"embeddable":true,"href":"https:\/\/www.europesays.com\/se\/wp-json\/wp\/v2\/media\/119072"}],"wp:attachment":[{"href":"https:\/\/www.europesays.com\/se\/wp-json\/wp\/v2\/media?parent=119071"}],"wp:term":[{"taxonomy":"category","embeddable":true,"href":"https:\/\/www.europesays.com\/se\/wp-json\/wp\/v2\/categories?post=119071"},{"taxonomy":"post_tag","embeddable":true,"href":"https:\/\/www.europesays.com\/se\/wp-json\/wp\/v2\/tags?post=119071"}],"curies":[{"name":"wp","href":"https:\/\/api.w.org\/{rel}","templated":true}]}}