{"id":119089,"date":"2025-12-28T08:57:08","date_gmt":"2025-12-28T08:57:08","guid":{"rendered":"https:\/\/www.europesays.com\/se\/119089\/"},"modified":"2025-12-28T08:57:08","modified_gmt":"2025-12-28T08:57:08","slug":"alvar-myhlback-slar-tillbaka-mot-kritiken-fran-norge","status":"publish","type":"post","link":"https:\/\/www.europesays.com\/se\/119089\/","title":{"rendered":"Alvar Myhlback sl\u00e5r tillbaka mot kritiken fr\u00e5n Norge"},"content":{"rendered":"<p>Alvar Myhlback skrockar.\u00a0<\/p>\n<p>\u2013 De \u00e4r lite dumma i huvudet, norrm\u00e4nnen, s\u00e4ger han i <a href=\"https:\/\/open.spotify.com\/show\/5bgeBGqvAQ253FQBqXsaQm?si=7c4beb34765b406a\" rel=\"nofollow noopener\" target=\"_blank\">Expressens podd Vallaboden. <\/a>\u00a0<\/p>\n<p>Vad han pratar om? Att man i v\u00e5rt grannland f\u00f6rv\u00e5nas \u00f6ver att han inte k\u00f6r femmilen p\u00e5 OS.\u00a0<\/p>\n<p><img   alt=\"\"\/><\/p>\n<p>Alvar Myhlback.<\/p>\n<p>Foto: MAXIM THORE \/ BILDBYR\u00c5N<\/p>\n<p>\u00d6ppna bild i helsk\u00e4rmArtikeln i korthet<\/p>\n<p> Alvar Myhlback nobbar OS-femmilen och f\u00e5r kritik fr\u00e5n norska experter.<\/p>\n<p> Han kallar norrm\u00e4nnen f\u00f6r \u201dlite dumma i huvudet\u201d och f\u00f6rklarar att distansen skiljer sig fr\u00e5n Vasaloppet, som han vann tidigare i \u00e5r.<\/p>\n<p> Myhlback satsar i st\u00e4llet p\u00e5 sprint och eventuellt skiathlon p\u00e5 OS.<\/p>\n<p>Visa mer<\/p>\n<p><a href=\"https:\/\/www.expressen.se\/tagg\/person\/alvar-myhlback\/\" class=\"\" rel=\"nofollow noopener\" target=\"_blank\">Alvar Myhlback<\/a> blev nyligen klar f\u00f6r OS i Milano i februari och nu v\u00e4ntar en av de viktigaste f\u00f6rberedelserna inf\u00f6r m\u00e4sterskapet.\u00a0<\/p>\n<p>19-\u00e5ringen \u00e4r p\u00e5 plats i Toblach f\u00f6r att g\u00f6ra debut i Tour de ski och ska senare under touren f\u00e5 lov att testa p\u00e5 OS-banorna i en klassisk sprint en m\u00e5nad innan det sm\u00e4ller p\u00e5 allvar i Val di Fiemme.\u00a0<\/p>\n<p>\u2013 Det tror jag \u00e4r v\u00e4ldigt viktigt. Hade det bara varit kl\u00e4ttringen uppf\u00f6r Alpe Cermis och skejtlopp s\u00e5 hade jag inte varit lika sugen, men nu blir det ett gyllene l\u00e4ge att f\u00e5 k\u00e4nna p\u00e5 det och det tror jag man kan ha en f\u00f6rdel av n\u00e4r det kommer till OS, s\u00e4ger Myhlback n\u00e4r han g\u00e4star <a href=\"https:\/\/open.spotify.com\/show\/5bgeBGqvAQ253FQBqXsaQm?si=7c4beb34765b406a\" rel=\"nofollow noopener\" target=\"_blank\">Expressens podd Vallaboden<\/a>.<\/p>\n<p>Det \u00e4r just OS-sprinten som Myhlback \u00e4r uttagen till i f\u00f6rstal\u00e4get. Han har \u00e4ven \u00f6ppnat f\u00f6r att k\u00f6ra skiathlon, men st\u00e4ngt d\u00f6rren f\u00f6r den avslutande femmilen i klassisk stil.\u00a0<\/p>\n<p>\u2013 D\u00e4r tror jag inte att jag h\u00e5ller m\u00e5ttet, sa han efter uttagningen.\u00a0<\/p>\n<p>Ett uttalade som v\u00e4ckt reaktion \u2013 inte minst i v\u00e5rt grannland Norge.\u00a0<\/p>\n<p>Myhlback sl\u00e5r tillbaka mot Norge: \u201dDumma i huvudet\u201d<\/p>\n<p>Alvar Myhlback blev i fjol historisk som den yngste Vasaloppsvinnaren genom alla tider \u2013\u00a0och i Norge \u00e4r man chockerade \u00f6ver att han v\u00e4ljer bort distansen.\u00a0<\/p>\n<p>\u2013 Det \u00e4r inga norska experter som f\u00f6rst\u00e5r n\u00e5gonting, s\u00e4ger NRK:s expert Jan Petter Saltvedt till <a href=\"https:\/\/www.svt.se\/sport\/langdskidor\/norske-kronikoren-om-alvar-myhlbacks-os-planer-ingen-masochist\" rel=\"nofollow noopener\" target=\"_blank\">SVT<\/a>.\u00a0<\/p>\n<p>Myhlback skakar n\u00e4stan uppgivet p\u00e5 huvudet.\u00a0<\/p>\n<p>\u2013 De \u00e4r lite dumma i huvudet, norrm\u00e4nnen. Vasaloppet \u00e4r platt och det \u00e4r en stilart, det \u00e4r s\u00e5 l\u00e5ngt ifr\u00e5n det g\u00e5r att komma en femmil d\u00e4r det bara \u00e4r upp och ner som p\u00e5 OS, s\u00e4ger han.\u00a0<\/p>\n<p>Myhlback menar att p\u00e5 Vasaloppet s\u00e5 stakar man hela v\u00e4gen, medan man p\u00e5 en OS-femmil ska k\u00f6ra mer diagonalstil.\u00a0<\/p>\n<p>\u2013 S\u00e5 \u00e4ven om en femmil \u00e4r n\u00e4rmare Vasaloppet i distans \u00e4n en sprint s\u00e5 blir det m\u00e5nga fler minuter i diagonal och d\u00e4r \u00e4r jag \u00e4rlig med att s\u00e4ga att det finns andra i Sverige som kan hantera den uppgiften b\u00e4ttre. \u00a0<\/p>\n<p>OS-sprinten avg\u00f6rs den 10 februari n\u00e4sta \u00e5r.\u00a0<\/p>\n<p><img alt=\"\"\/>Ljudklippet gick inte att spela upp<\/p>\n<p>F\u00f6rs\u00f6k igen senare<\/p>\n<p><strong>L\u00c4S MER: <\/strong><a href=\"https:\/\/www.expressen.se\/sport\/langdskidor\/guide-program-och-tv-tider-for-tour-de-ski-20252026\/\" class=\"\" rel=\"nofollow noopener\" target=\"_blank\">Guide: Program och tv-tider f\u00f6r Tour de ski 2025\/2026<\/a><\/p>\n","protected":false},"excerpt":{"rendered":"Alvar Myhlback skrockar.\u00a0 \u2013 De \u00e4r lite dumma i huvudet, norrm\u00e4nnen, s\u00e4ger han i Expressens podd Vallaboden. \u00a0&hellip;\n","protected":false},"author":2,"featured_media":119090,"comment_status":"","ping_status":"","sticky":false,"template":"","format":"standard","meta":{"footnotes":""},"categories":[68],"tags":[12726,8766,34,857,111,110,31,33,32,30],"class_list":{"0":"post-119089","1":"post","2":"type-post","3":"status-publish","4":"format-standard","5":"has-post-thumbnail","7":"category-sport","8":"tag-newsstory-tour-de-ski-2025-2026","9":"tag-person-alvar-myhlback","10":"tag-se","11":"tag-sections-langdskidor","12":"tag-sport","13":"tag-sports","14":"tag-svenska","15":"tag-sverige","16":"tag-sweden","17":"tag-swedish"},"share_on_mastodon":{"url":"https:\/\/pubeurope.com\/@se\/115796367295330333","error":""},"_links":{"self":[{"href":"https:\/\/www.europesays.com\/se\/wp-json\/wp\/v2\/posts\/119089","targetHints":{"allow":["GET"]}}],"collection":[{"href":"https:\/\/www.europesays.com\/se\/wp-json\/wp\/v2\/posts"}],"about":[{"href":"https:\/\/www.europesays.com\/se\/wp-json\/wp\/v2\/types\/post"}],"author":[{"embeddable":true,"href":"https:\/\/www.europesays.com\/se\/wp-json\/wp\/v2\/users\/2"}],"replies":[{"embeddable":true,"href":"https:\/\/www.europesays.com\/se\/wp-json\/wp\/v2\/comments?post=119089"}],"version-history":[{"count":0,"href":"https:\/\/www.europesays.com\/se\/wp-json\/wp\/v2\/posts\/119089\/revisions"}],"wp:featuredmedia":[{"embeddable":true,"href":"https:\/\/www.europesays.com\/se\/wp-json\/wp\/v2\/media\/119090"}],"wp:attachment":[{"href":"https:\/\/www.europesays.com\/se\/wp-json\/wp\/v2\/media?parent=119089"}],"wp:term":[{"taxonomy":"category","embeddable":true,"href":"https:\/\/www.europesays.com\/se\/wp-json\/wp\/v2\/categories?post=119089"},{"taxonomy":"post_tag","embeddable":true,"href":"https:\/\/www.europesays.com\/se\/wp-json\/wp\/v2\/tags?post=119089"}],"curies":[{"name":"wp","href":"https:\/\/api.w.org\/{rel}","templated":true}]}}