{"id":119091,"date":"2025-12-28T09:03:09","date_gmt":"2025-12-28T09:03:09","guid":{"rendered":"https:\/\/www.europesays.com\/se\/119091\/"},"modified":"2025-12-28T09:03:09","modified_gmt":"2025-12-28T09:03:09","slug":"det-finns-en-fraga-vi-maste-fa-svar-pa","status":"publish","type":"post","link":"https:\/\/www.europesays.com\/se\/119091\/","title":{"rendered":"Det finns en fr\u00e5ga vi m\u00e5ste f\u00e5 svar p\u00e5"},"content":{"rendered":"<p>Inf\u00f6r starten av den 20:e upplagan av Tour de ski \u00e4r faktiskt inget sig likt.<\/p>\n<p>Vi pratar ju inte om skidor.<\/p>\n<p>Vi pratar om d\u00f6den.<\/p>\n<p>Detta \u00e4r en kr\u00f6nika. Analys och st\u00e4llningstaganden \u00e4r skribentens.<\/p>\n<p><img   alt=\"\"\/><\/p>\n<p>Sivert Guttorm Bakken hittades d\u00f6d p\u00e5 sitt hotellrum<\/p>\n<p>Foto: Geir Olsen \/ TT NYHETSBYR\u00c5N<\/p>\n<p>\u00d6ppna bild i helsk\u00e4rm<img   alt=\"\"\/>Tomas Pettersson<\/p>\n<p>Svenske landslagsikonen Johan Olsson skakar p\u00e5 huvudet d\u00e4r han st\u00e5r inne i presscentrat p\u00e5 stadion i Toblach.<\/p>\n<p>\u2013 Nej. Jag visste inte ens vad det var.<\/p>\n<p>Finske OS-hj\u00e4lten Sami Jauhoj\u00e4rvi \u00e4r lika f\u00f6rbryllad.<\/p>\n<p>\u2013 Jag vet ingen finsk \u00e5kare som testat det h\u00e4r. Har aldrig h\u00f6rt talas om det tidigare. \u00a0<\/p>\n<p>Norske v\u00e4rldsm\u00e4staren Niklas Dyrhaug fyller p\u00e5.<\/p>\n<p>\u2013 Jag har h\u00e5llit p\u00e5 med den h\u00e4r sporten hela mitt liv. Men h\u00f6jdmask? N\u00e4, det var n\u00e5got helt nytt f\u00f6r mig.<\/p>\n<p>Min fr\u00e5gestund med de tre profilerna fr\u00e5n tre olika stormakter i skidv\u00e4rlden ger v\u00e4l p\u00e5 sitt s\u00e4tt en bild av den f\u00f6rvirring som nu drabbat oss alla.<\/p>\n<p>Bakgrunden \u00e4r d\u00f6dsfallet som skakat om inte bara norsk idrott \u2013 utan \u00e4ven internationellt skidskytte och l\u00e4ngd\u00e5kning. \u00a0\u00a0<\/p>\n<p>Sivert Guttorm Bakken hittades d\u00f6d cirka tio mil h\u00e4rifr\u00e5n p\u00e5 sitt hotellrum i Lavaz\u00e9. Bara 27 \u00e5r gammal. Med en h\u00f6jdmask p\u00e5 sig.\u00a0<\/p>\n<p><strong>Och d\u00e4rmed startade en lavin av spekulationer.<\/strong><\/p>\n<p>P\u00e5 fredagsmorgonen stod Karoline Simpson-Larsen framf\u00f6r oss vid den norska vallatrailern h\u00e4r i Toblach med t\u00e5rar i \u00f6gonen.<\/p>\n<p>Hon k\u00e4nde Sivert Guttorm Bakken v\u00e4l. Var sj\u00e4lv p\u00e5 samma hotell i Lavaz\u00e9 n\u00e4r tragedin intr\u00e4ffade.<\/p>\n<p>\u2013 Julen har varit v\u00e4ldigt tuff, s\u00e4ger hon nu.<\/p>\n<p>N\u00e5gra timmar senare st\u00e5r Frida Karlsson utanf\u00f6r det svenska landslagets hotell och f\u00f6rs\u00f6ker s\u00e4tta ord p\u00e5 sina k\u00e4nslor. \u00a0<\/p>\n<p>\u2013 Det kommer ju s\u00e5 n\u00e4ra. Dels \u00e4r vi i samma \u00e5lder, \u00e4r i samma del av idrottsv\u00e4rlden \u2013 och allt h\u00e4nde p\u00e5 ett hotell d\u00e4r jag bott m\u00e5nga g\u00e5nger, s\u00e4ger 26-\u00e5ringen med l\u00e5g r\u00f6st. \u00a0<\/p>\n<p>Karoline Simpson-Larsen och Frida Karlsson \u00e4r verkligen inte ensamma om sin bedr\u00f6velse \u00f6ver vad som h\u00e4nt. Dagen f\u00f6re starten Tour de ski var tragiken i Lavaz\u00e9 n\u00e5got som precis alla verkade ber\u00f6rda av.<\/p>\n<p>Ja, vi ska v\u00e4nta in utredningen. Ja, det \u00e4r bara dumt att spekulera f\u00f6r mycket redan nu. Men det g\u00e5r \u00e4nd\u00e5 inte att undvika att undra. \u00a0\u00a0<\/p>\n<p>Bara att en 27-\u00e5rings liv f\u00e5tt ett abrupt slut \u00e4r ett omtumlande katastrofbesked. Men den h\u00e4r g\u00e5ngen finns det ocks\u00e5 en omst\u00e4ndighet som g\u00f6r allt \u00e4n mer obegripligt. Och leder fram till en rad obekv\u00e4ma fr\u00e5gor som n\u00e5gon g\u00e5ng \u00e4nd\u00e5 m\u00e5ste besvaras:<\/p>\n<p>Annons<\/p>\n<p>Varf\u00f6r en h\u00f6jdmask?<\/p>\n<p>Varf\u00f6r finns en s\u00e5dan mask ens med n\u00e4r man \u00e4nd\u00e5 ska vistas p\u00e5 naturlig h\u00f6g h\u00f6jd? \u00a0<\/p>\n<p>Och inte minst: Hur stor \u00e4r egentligen faran med att d\u00e5 anv\u00e4nda sig av den h\u00e4r formen av h\u00f6gh\u00f6jdssimulering?<\/p>\n<p><strong>Nej, jag har verkligen inga svar. Men vi beh\u00f6ver f\u00e5 dem.<\/strong><\/p>\n<p>Det jag vet \u00e4r att tragedin i Lavaz\u00e9 har lagt en sorgkant \u00f6ver det som annars alltid brukar vara en av vinterns absolut roligaste dagar.<\/p>\n<p>Tour de ski kommer f\u00f6rst\u00e5s att genomf\u00f6ras \u00e4nd\u00e5. Vi kommer nyfiket kika p\u00e5 Alvar Myhlbacks eskapader dag f\u00f6r dag. F\u00f6lja landslagsstj\u00e4rnorna Ebba Andersson och Frida Karlssons kamp om att vinna hela konkarongen. Hoppas att Edvin Anger \u00e4ntligen hittar den d\u00e4r klassen han sk\u00e4mde bort oss med hela den f\u00f6rra vintern.<\/p>\n<p>S\u00e5 jo, det kommer att bli sp\u00e4nnande.<\/p>\n<p>Men samtidigt:<\/p>\n<p><strong>Vi kommer hela tiden att undra vad som egentligen h\u00e4nde p\u00e5 det d\u00e4r hotellrummet i Lavaz\u00e9.<\/strong><\/p>\n<p><strong>L\u00c4S MER: <\/strong><a href=\"https:\/\/www.expressen.se\/sport\/langdskidor\/guide-program-och-tv-tider-for-tour-de-ski-20252026\/\" class=\"\" rel=\"nofollow noopener\" target=\"_blank\">Guide: Program och tv-tider f\u00f6r Tour de ski 2025\/2026<\/a><\/p>\n","protected":false},"excerpt":{"rendered":"Inf\u00f6r starten av den 20:e upplagan av Tour de ski \u00e4r faktiskt inget sig likt. Vi pratar ju&hellip;\n","protected":false},"author":2,"featured_media":119092,"comment_status":"","ping_status":"","sticky":false,"template":"","format":"standard","meta":{"footnotes":""},"categories":[5],"tags":[22,23,26,27,17,21,24,25,28,29,15,12726,16,18,34,305,5751,31,33,32,30,19,20],"class_list":{"0":"post-119091","1":"post","2":"type-post","3":"status-publish","4":"format-standard","5":"has-post-thumbnail","7":"category-rubriker","8":"tag-breaking-news","9":"tag-breakingnews","10":"tag-featured-news","11":"tag-featurednews","12":"tag-headlines","13":"tag-huvudnyheter","14":"tag-latest-news","15":"tag-latestnews","16":"tag-main-news","17":"tag-mainnews","18":"tag-news","19":"tag-newsstory-tour-de-ski-2025-2026","20":"tag-nyheter","21":"tag-rubriker","22":"tag-se","23":"tag-sections-kronikorer","24":"tag-sections-tomaspettersson","25":"tag-svenska","26":"tag-sverige","27":"tag-sweden","28":"tag-swedish","29":"tag-top-stories","30":"tag-topstories"},"share_on_mastodon":{"url":"https:\/\/pubeurope.com\/@se\/115796390990572634","error":""},"_links":{"self":[{"href":"https:\/\/www.europesays.com\/se\/wp-json\/wp\/v2\/posts\/119091","targetHints":{"allow":["GET"]}}],"collection":[{"href":"https:\/\/www.europesays.com\/se\/wp-json\/wp\/v2\/posts"}],"about":[{"href":"https:\/\/www.europesays.com\/se\/wp-json\/wp\/v2\/types\/post"}],"author":[{"embeddable":true,"href":"https:\/\/www.europesays.com\/se\/wp-json\/wp\/v2\/users\/2"}],"replies":[{"embeddable":true,"href":"https:\/\/www.europesays.com\/se\/wp-json\/wp\/v2\/comments?post=119091"}],"version-history":[{"count":0,"href":"https:\/\/www.europesays.com\/se\/wp-json\/wp\/v2\/posts\/119091\/revisions"}],"wp:featuredmedia":[{"embeddable":true,"href":"https:\/\/www.europesays.com\/se\/wp-json\/wp\/v2\/media\/119092"}],"wp:attachment":[{"href":"https:\/\/www.europesays.com\/se\/wp-json\/wp\/v2\/media?parent=119091"}],"wp:term":[{"taxonomy":"category","embeddable":true,"href":"https:\/\/www.europesays.com\/se\/wp-json\/wp\/v2\/categories?post=119091"},{"taxonomy":"post_tag","embeddable":true,"href":"https:\/\/www.europesays.com\/se\/wp-json\/wp\/v2\/tags?post=119091"}],"curies":[{"name":"wp","href":"https:\/\/api.w.org\/{rel}","templated":true}]}}