{"id":119095,"date":"2025-12-28T09:08:08","date_gmt":"2025-12-28T09:08:08","guid":{"rendered":"https:\/\/www.europesays.com\/se\/119095\/"},"modified":"2025-12-28T09:08:08","modified_gmt":"2025-12-28T09:08:08","slug":"oljefondens-vd-om-relationen-till-musk-nej","status":"publish","type":"post","link":"https:\/\/www.europesays.com\/se\/119095\/","title":{"rendered":"Oljefondens vd om relationen till Musk: \u201dNej\u201d"},"content":{"rendered":"<p>Nicolai Tangen p\u00e5 Oljefonden har haft ett turbulent \u00e5r: kritik f\u00f6r Israel-investeringar, schism med Elon Musk och tullchocker.<\/p>\n<p>\u2013 Vi f\u00f6rutsp\u00e5dde inte att Trump skulle vinna valet. Vi f\u00f6rutsp\u00e5dde inte tullar. Inte den nya relationen mellan USA och Europa. Och inte vad som skulle h\u00e4nda i Kina eller Indien, s\u00e4ger Nicolai Tangen, och forts\u00e4tter.<\/p>\n<p>\u2013 S\u00e5 det \u00e4r helt meningsl\u00f6st att f\u00f6rs\u00f6ka f\u00f6ruts\u00e4ga.<\/p>\n<p>\u00c4ven en avbokad middag med Musk fick stor uppm\u00e4rksamhet eftersom Oljefonden senare r\u00f6stade nej vid tv\u00e5 tillf\u00e4llen till hans gigantiska l\u00f6nepaket. P\u00e5 fr\u00e5gorna om de har n\u00e5gon relation i\u202fdag, eller om Musk h\u00f6rts efter omr\u00f6stningen, svarar Tangen\u202f\u201dnej\u201d\u202fp\u00e5 b\u00e5da.<\/p>\n<p>Omni \u00e4r politiskt obundna och oberoende. Vi str\u00e4var efter att ge fler perspektiv p\u00e5 nyheterna. Har du fr\u00e5gor eller synpunkter kring v\u00e5r rapportering? <a href=\"https:\/\/omni.se\/oljefondens-vd-om-relationen-till-musk-nej\/a\/mailto:redaktion@omni.se\" class=\"ArticleActions_contactLink__W2F1M\" rel=\"nofollow noopener\" target=\"_blank\">Kontakta redaktionen<\/a><\/p>\n","protected":false},"excerpt":{"rendered":"Nicolai Tangen p\u00e5 Oljefonden har haft ett turbulent \u00e5r: kritik f\u00f6r Israel-investeringar, schism med Elon Musk och tullchocker.&hellip;\n","protected":false},"author":2,"featured_media":119096,"comment_status":"","ping_status":"","sticky":false,"template":"","format":"standard","meta":{"footnotes":""},"categories":[65],"tags":[72,70,71,704,12727,430,34,31,33,32,30],"class_list":{"0":"post-119095","1":"post","2":"type-post","3":"status-publish","4":"format-standard","5":"has-post-thumbnail","7":"category-ekonomi","8":"tag-business","9":"tag-economy","10":"tag-ekonomi","11":"tag-elon-musk","12":"tag-nicolai-tangen","13":"tag-norge","14":"tag-se","15":"tag-svenska","16":"tag-sverige","17":"tag-sweden","18":"tag-swedish"},"share_on_mastodon":{"url":"https:\/\/pubeurope.com\/@se\/115796410599365256","error":""},"_links":{"self":[{"href":"https:\/\/www.europesays.com\/se\/wp-json\/wp\/v2\/posts\/119095","targetHints":{"allow":["GET"]}}],"collection":[{"href":"https:\/\/www.europesays.com\/se\/wp-json\/wp\/v2\/posts"}],"about":[{"href":"https:\/\/www.europesays.com\/se\/wp-json\/wp\/v2\/types\/post"}],"author":[{"embeddable":true,"href":"https:\/\/www.europesays.com\/se\/wp-json\/wp\/v2\/users\/2"}],"replies":[{"embeddable":true,"href":"https:\/\/www.europesays.com\/se\/wp-json\/wp\/v2\/comments?post=119095"}],"version-history":[{"count":0,"href":"https:\/\/www.europesays.com\/se\/wp-json\/wp\/v2\/posts\/119095\/revisions"}],"wp:featuredmedia":[{"embeddable":true,"href":"https:\/\/www.europesays.com\/se\/wp-json\/wp\/v2\/media\/119096"}],"wp:attachment":[{"href":"https:\/\/www.europesays.com\/se\/wp-json\/wp\/v2\/media?parent=119095"}],"wp:term":[{"taxonomy":"category","embeddable":true,"href":"https:\/\/www.europesays.com\/se\/wp-json\/wp\/v2\/categories?post=119095"},{"taxonomy":"post_tag","embeddable":true,"href":"https:\/\/www.europesays.com\/se\/wp-json\/wp\/v2\/tags?post=119095"}],"curies":[{"name":"wp","href":"https:\/\/api.w.org\/{rel}","templated":true}]}}