{"id":119099,"date":"2025-12-28T09:14:08","date_gmt":"2025-12-28T09:14:08","guid":{"rendered":"https:\/\/www.europesays.com\/se\/119099\/"},"modified":"2025-12-28T09:14:08","modified_gmt":"2025-12-28T09:14:08","slug":"osakra-beskedet-om-jag-for-ner-till-bror-sasong-2-tittarsuccen-redan-slut","status":"publish","type":"post","link":"https:\/\/www.europesays.com\/se\/119099\/","title":{"rendered":"Os\u00e4kra beskedet om \u201dJag for ner till bror\u201d s\u00e4song 2 \u2013\u00a0tittarsucc\u00e9n redan slut?"},"content":{"rendered":"<p>&#13;<br \/>\n                 &#13;<br \/>\n                                                Slutar SVT-dramat redan med sin f\u00f6rsta s\u00e4song?&#13;<br \/>\n    &#13;<\/p>\n<p class=\"content-article__preamble\">SVT:s dramatisering av boken \u201dJag for ner till bror\u201d blev genast en hyllad succ\u00e9. Men g\u00f6r man serie p\u00e5 resterande b\u00f6cker? Svaret \u00e4r just nu ett kanske.<\/p>\n<p>&#13;<br \/>\n                                            &#13;<br \/>\n    &#13;<br \/>\n    &#13;<br \/>\n&#13;<br \/>\n    &#13;<br \/>\n    &#13;<\/p>\n<p>Jag for ner till bror\u00a0bygger p\u00e5 boken av <strong>Karin<\/strong> <strong>Smirnoff<\/strong> och f\u00f6ljer kvinnan Jana Kippo som v\u00e4nder hem till byn f\u00f6r att hj\u00e4lpa sin alkoholiserade bror. Adaptionen som regisserades av <a href=\"https:\/\/www.filmtopp.se\/tagg\/sanna-lenken\" rel=\"nofollow noopener\" target=\"_blank\"><strong>Sanna<\/strong> <strong>Lenken<\/strong><\/a> \u00e4r julens stora <strong>SVT<\/strong>-drama, och tittarsucc\u00e9n blev genast ett faktum. Men trots framg\u00e5ngarna verkar det inte vara en sj\u00e4lvklarhet att g\u00f6ra serie p\u00e5 resterande b\u00f6cker. L\u00e4s vidare f\u00f6r att ta reda p\u00e5 varf\u00f6r.<\/p>\n<p>\u201dTror vi alla var ganska slut efter inspelningen\u201d<\/p>\n<p>Serien utspelar sig i de norra delarna av Sverige, d\u00e4r klimatet \u00e4r minst sagt tufft. Detta i kombination med det tunga inneh\u00e5llet b\u00e4ddade f\u00f6r en otroligt sv\u00e5r inspelning \u2013 till och med f\u00f6r huvudrollsinnehavaren <a href=\"https:\/\/www.filmtopp.se\/tagg\/amanda-jansson\" rel=\"nofollow noopener\" target=\"_blank\"><strong>Amanda Jansson<\/strong><\/a> som \u00e4lskar att g\u00f6ra utmanande roller.<\/p>\n<p>\u2013 Jag \u00e4lskar att k\u00f6tta i scener n\u00e4r det p\u00e5 liv och d\u00f6d med mycket p\u00e5 spel. I den h\u00e4r serien var det verkligen det. Det var ocks\u00e5 l\u00e5nga inspelningsdagar i sn\u00f6 och m\u00f6rker. Jag tror att vi alla var ganska slut efter inspelningen, s\u00e4ger Amanda Jansson till Filmtopp och ber\u00e4ttar vad hon gjorde efter produktionen.<\/p>\n<p>\u2013 Jag \u00e5kte till Toronto p\u00e5 semester i n\u00e5n vecka. Det var sk\u00f6nt.\u00a0<\/p>\n<p><strong>L\u00c4S OCKS\u00c5:<\/strong>\u00a0<a href=\"https:\/\/www.filmtopp.se\/nyhet\/svtplay-stor-succefilm-med-briljant-mikael-persbrandt-visas-nu-pa-svt-play-valgjord\" rel=\"nofollow noopener\" target=\"_blank\">Stor succ\u00e9film med briljant Mikael Persbrandt visas nu p\u00e5 SVT Play: \u201dV\u00e4lgjord\u201d<\/a><\/p>\n<p><img loading=\"lazy\" decoding=\"async\" src=\"https:\/\/www.europesays.com\/se\/wp-content\/uploads\/2025\/12\/Jag_for_ner_till_bror_2025_01.jpg\" alt=\"Os\u00e4kra beskedet om \u201dJag for ner till bror\u201d s\u00e4song 2 \u2013\u00a0tittarsucc\u00e9n redan slut?\" width=\"900\" height=\"576\"\/>&#13;<br \/>\nFoto: SVT.&#13;<\/p>\n<p>Os\u00e4kra beskedet om att g\u00f6ra \u201dJag for ner till bror\u201d s\u00e4song 2: \u201dKanske\u201d<\/p>\n<p>Det finns som bekant tre b\u00f6cker i serien \u2013\u00a0Jag for ner till bror,\u00a0Vi for upp med mor, Sen for jag hem\u00a0\u2013 s\u00e5 med succ\u00e9n av den f\u00f6rsta adaptionen kan vi r\u00e4kna kallt med fler s\u00e4songer. Eller?<\/p>\n<p>N\u00e4r jag pratade med <strong>Sanna Lenken<\/strong> om hur hon k\u00e4nner inf\u00f6r att g\u00f6ra en till s\u00e4song framstod hon inte som \u00f6vertygande, just f\u00f6r att inspelningen var s\u00e5 pass utt\u00f6mmande.<\/p>\n<p>\u2013 D\u00e5 \u00e5ker jag till H\u00e4rjedalen i tre m\u00e5nader f\u00f6rst [och vilar upp mig] och sen s\u00e5 kanske jag s\u00e4ger ja, sade hon till Filmtopp.<\/p>\n<p>Hon avslutade dock med en lite mer hoppfull ton f\u00f6r alla som vill se mer av Jana Kippo p\u00e5 SVT:<\/p>\n<p>\u2013 Nej men det var en h\u00e4ftig v\u00e4rld att befinna sig i \u00e4ven om det var h\u00e5rt.<\/p>\n<p>Kanske kommer succ\u00e9n att \u00f6vertyga teamet till att g\u00f6ra fler s\u00e4songer, och m\u00f6jligen kan SVT g\u00f6ra justeringar som underl\u00e4ttar produktionen.<\/p>\n<p><strong>L\u00c4S OCKS\u00c5:<\/strong>\u00a0<a href=\"https:\/\/www.filmtopp.se\/lista\/basta-serierna-2025-filmtopp-listar-arets-basta-serier\" rel=\"nofollow noopener\" target=\"_blank\">B\u00e4sta serierna 2025 \u2013 Filmtopp listar \u00e5rets b\u00e4sta serier<\/a><\/p>\n<p><strong>Hos oss p\u00e5 <a href=\"https:\/\/www.filmtopp.se\/\" rel=\"nofollow noopener\" target=\"_blank\">Filmtopp<\/a> uppdaterar du dig med nyheter och tips inom streaming. F\u00f6r att inte missa n\u00e5gon stor h\u00e4ndelse \u2013 <a href=\"https:\/\/www.facebook.com\/filmtopp\" target=\"_blank\" rel=\"noopener nofollow\">f\u00f6lj oss p\u00e5 Facebook<\/a>.<\/strong><\/p>\n","protected":false},"excerpt":{"rendered":"&#13; &#13; Slutar SVT-dramat redan med sin f\u00f6rsta s\u00e4song?&#13; &#13; SVT:s dramatisering av boken \u201dJag for ner till&hellip;\n","protected":false},"author":2,"featured_media":119100,"comment_status":"","ping_status":"","sticky":false,"template":"","format":"standard","meta":{"footnotes":""},"categories":[67],"tags":[104,34,31,33,32,30,105],"class_list":{"0":"post-119099","1":"post","2":"type-post","3":"status-publish","4":"format-standard","5":"has-post-thumbnail","7":"category-underhallning","8":"tag-entertainment","9":"tag-se","10":"tag-svenska","11":"tag-sverige","12":"tag-sweden","13":"tag-swedish","14":"tag-underhallning"},"share_on_mastodon":{"url":"https:\/\/pubeurope.com\/@se\/115796434504582265","error":""},"_links":{"self":[{"href":"https:\/\/www.europesays.com\/se\/wp-json\/wp\/v2\/posts\/119099","targetHints":{"allow":["GET"]}}],"collection":[{"href":"https:\/\/www.europesays.com\/se\/wp-json\/wp\/v2\/posts"}],"about":[{"href":"https:\/\/www.europesays.com\/se\/wp-json\/wp\/v2\/types\/post"}],"author":[{"embeddable":true,"href":"https:\/\/www.europesays.com\/se\/wp-json\/wp\/v2\/users\/2"}],"replies":[{"embeddable":true,"href":"https:\/\/www.europesays.com\/se\/wp-json\/wp\/v2\/comments?post=119099"}],"version-history":[{"count":0,"href":"https:\/\/www.europesays.com\/se\/wp-json\/wp\/v2\/posts\/119099\/revisions"}],"wp:featuredmedia":[{"embeddable":true,"href":"https:\/\/www.europesays.com\/se\/wp-json\/wp\/v2\/media\/119100"}],"wp:attachment":[{"href":"https:\/\/www.europesays.com\/se\/wp-json\/wp\/v2\/media?parent=119099"}],"wp:term":[{"taxonomy":"category","embeddable":true,"href":"https:\/\/www.europesays.com\/se\/wp-json\/wp\/v2\/categories?post=119099"},{"taxonomy":"post_tag","embeddable":true,"href":"https:\/\/www.europesays.com\/se\/wp-json\/wp\/v2\/tags?post=119099"}],"curies":[{"name":"wp","href":"https:\/\/api.w.org\/{rel}","templated":true}]}}