{"id":119103,"date":"2025-12-28T09:20:30","date_gmt":"2025-12-28T09:20:30","guid":{"rendered":"https:\/\/www.europesays.com\/se\/119103\/"},"modified":"2025-12-28T09:20:30","modified_gmt":"2025-12-28T09:20:30","slug":"nya-avsparrningar-i-ronninge-kvinna-forsvunnen","status":"publish","type":"post","link":"https:\/\/www.europesays.com\/se\/119103\/","title":{"rendered":"Nya avsp\u00e4rrningar i R\u00f6nninge \u2013 kvinna f\u00f6rsvunnen"},"content":{"rendered":"<p>Polisen har sp\u00e4rrat av ett nytt omr\u00e5de i R\u00f6nninge under l\u00f6rdagskv\u00e4llen i s\u00f6kandet efter den f\u00f6rsvunna kvinnan i Salem.<\/p>\n<p>P\u00e5 bilder syns hur gula koner har placerats ut.<\/p>\n<p>Expressen var p\u00e5 plats i R\u00f6nninge tidigare under l\u00f6rdagen.<img loading=\"lazy\"   alt=\"\"\/><\/p>\n<p>Polisen sp\u00e4rrade av ett nytt omr\u00e5de i R\u00f6nninge p\u00e5 l\u00f6rdagskv\u00e4llen.<\/p>\n<p>Foto: Bl\u00e5ljusbilder<\/p>\n<p>\u00d6ppna bild i helsk\u00e4rm<img loading=\"lazy\"   alt=\"\"\/><\/p>\n<p>Flera gula koner har placerats ut.<\/p>\n<p>Foto: Bl\u00e5ljusbilder<\/p>\n<p>\u00d6ppna bild i helsk\u00e4rm<\/p>\n<p>S\u00f6kandet efter den <a href=\"https:\/\/www.expressen.se\/nyheter\/sverige\/har-sags-forsvunna-kvinnan-sist-insats-i-ronninge\/\" rel=\"nofollow noopener\" target=\"_blank\">unga kvinna som f\u00f6rsvann i Salem forts\u00e4tter<\/a>. Under l\u00f6rdagen gjorde polisen en ny avsp\u00e4rrning, i n\u00e4rheten sj\u00f6n Uttran i <a href=\"https:\/\/www.expressen.se\/tagg\/location\/ronninge\/\" class=\"\" rel=\"nofollow noopener\" target=\"_blank\">R\u00f6nninge<\/a>.<\/p>\n<p>Enligt anh\u00f6rigas efterlysningar s\u00e5gs kvinnan senast vid pendelt\u00e5gsstationen i R\u00f6nninge i Salem, strax efter midnatt natten mot annandagen.<\/p>\n<p>Under eftermiddagen och kv\u00e4llen har insatsen fortsatt. Expressens fotograf, som befinner sig p\u00e5 plats, noterade under kv\u00e4llen att polisen sp\u00e4rrade av.<\/p>\n<p>\u2013 Det \u00e4r ett nytt omr\u00e5de p\u00e5 cirka 200 g\u00e5nger 200 meter. De har inte s\u00f6kt eller sp\u00e4rrat av d\u00e4r tidigare, s\u00e4ger fotografen.<\/p>\n<p>Gula koner<\/p>\n<p>Avsp\u00e4rrningen sattes upp vid 19-tiden.<\/p>\n<p>\u2013 Man verkar ha hittat n\u00e5got d\u00e4r. Jag vet inte om det \u00e4r polis eller SAR, men man b\u00f6rjade sp\u00e4rra av omr\u00e5det d\u00e5, s\u00e4ger fotografen.<\/p>\n<p>P\u00e5 bilder syns bland annat hur gula koner har placerats ut och hur kriminaltekniker p\u00e5 platsen ser ut att s\u00e4kra sp\u00e5r.<\/p>\n<p>Avsp\u00e4rrningen h\u00e4vdes cirka kvart \u00f6ver tio p\u00e5 kv\u00e4llen. Polisen har s\u00f6kt i vattenn\u00e4ra omr\u00e5den, men ocks\u00e5 i skogspartier och diken.\u00a0<\/p>\n<p>Polisen \u00e4r fortsatt mycket \u00e5terh\u00e5llsam med information.<\/p>\n<p>\u2013 Jag vet faktiskt inte exakt vilken plats det \u00e4r. Vi har jobbat d\u00e4r ett tag nu och bedriver arbete p\u00e5 m\u00e5nga platser i R\u00f6nninge, s\u00e4ger Mats Eriksson, presstalesperson vid polisregion Stockholm.<\/p>\n<p><strong>Har ni gjort n\u00e5gra fynd som \u00e4r s\u00e4rskilt intressanta f\u00f6r utredningen?<\/strong><\/p>\n<p>\u2013 Jag vill inte g\u00e5 in p\u00e5 det.<\/p>\n<p><strong>Finns det n\u00e5gon misst\u00e4nkt eller frihetsber\u00f6vad?<\/strong><\/p>\n<p>\u2013 Det finns det inte. Vi jobbar intensivt med det h\u00e4r med of\u00f6rminskade resurser, s\u00e4ger Mats Eriksson.<\/p>\n<p><img alt=\"\"\/>Ljudklippet gick inte att spela upp<\/p>\n<p>F\u00f6rs\u00f6k igen senare<\/p>\n","protected":false},"excerpt":{"rendered":"Polisen har sp\u00e4rrat av ett nytt omr\u00e5de i R\u00f6nninge under l\u00f6rdagskv\u00e4llen i s\u00f6kandet efter den f\u00f6rsvunna kvinnan i&hellip;\n","protected":false},"author":2,"featured_media":119104,"comment_status":"","ping_status":"","sticky":false,"template":"","format":"standard","meta":{"footnotes":""},"categories":[5],"tags":[22,23,26,27,17,21,24,25,12658,28,29,15,12728,16,18,34,154,31,33,32,30,19,3585,20],"class_list":{"0":"post-119103","1":"post","2":"type-post","3":"status-publish","4":"format-standard","5":"has-post-thumbnail","7":"category-rubriker","8":"tag-breaking-news","9":"tag-breakingnews","10":"tag-featured-news","11":"tag-featurednews","12":"tag-headlines","13":"tag-huvudnyheter","14":"tag-latest-news","15":"tag-latestnews","16":"tag-location-ronninge","17":"tag-main-news","18":"tag-mainnews","19":"tag-news","20":"tag-newsstory-kvinna-forsvunnen-i-ronninge","21":"tag-nyheter","22":"tag-rubriker","23":"tag-se","24":"tag-sections-sverige","25":"tag-svenska","26":"tag-sverige","27":"tag-sweden","28":"tag-swedish","29":"tag-top-stories","30":"tag-topic-forsvunna-personer","31":"tag-topstories"},"share_on_mastodon":{"url":"https:\/\/pubeurope.com\/@se\/115796457798494633","error":""},"_links":{"self":[{"href":"https:\/\/www.europesays.com\/se\/wp-json\/wp\/v2\/posts\/119103","targetHints":{"allow":["GET"]}}],"collection":[{"href":"https:\/\/www.europesays.com\/se\/wp-json\/wp\/v2\/posts"}],"about":[{"href":"https:\/\/www.europesays.com\/se\/wp-json\/wp\/v2\/types\/post"}],"author":[{"embeddable":true,"href":"https:\/\/www.europesays.com\/se\/wp-json\/wp\/v2\/users\/2"}],"replies":[{"embeddable":true,"href":"https:\/\/www.europesays.com\/se\/wp-json\/wp\/v2\/comments?post=119103"}],"version-history":[{"count":0,"href":"https:\/\/www.europesays.com\/se\/wp-json\/wp\/v2\/posts\/119103\/revisions"}],"wp:featuredmedia":[{"embeddable":true,"href":"https:\/\/www.europesays.com\/se\/wp-json\/wp\/v2\/media\/119104"}],"wp:attachment":[{"href":"https:\/\/www.europesays.com\/se\/wp-json\/wp\/v2\/media?parent=119103"}],"wp:term":[{"taxonomy":"category","embeddable":true,"href":"https:\/\/www.europesays.com\/se\/wp-json\/wp\/v2\/categories?post=119103"},{"taxonomy":"post_tag","embeddable":true,"href":"https:\/\/www.europesays.com\/se\/wp-json\/wp\/v2\/tags?post=119103"}],"curies":[{"name":"wp","href":"https:\/\/api.w.org\/{rel}","templated":true}]}}