{"id":119105,"date":"2025-12-28T09:23:08","date_gmt":"2025-12-28T09:23:08","guid":{"rendered":"https:\/\/www.europesays.com\/se\/119105\/"},"modified":"2025-12-28T09:23:08","modified_gmt":"2025-12-28T09:23:08","slug":"jamie-lee-curtis-om-exorcisten-rollen-mamman-stoppade-tack-gud-att-hon-sa-nej","status":"publish","type":"post","link":"https:\/\/www.europesays.com\/se\/119105\/","title":{"rendered":"Jamie Lee Curtis om &#8221;Exorcisten&#8221;-rollen mamman stoppade: &#8221;Tack gud att hon sa nej&#8221;"},"content":{"rendered":"<p>\u00c5ret var 1972 och Hollywood f\u00f6rberedde en av filmhistoriens mest omtalade skr\u00e4ckfilmer. Producenten Ray Stark letade efter en ung flicka som kunde spela den demonbesatta Regan MacNeil och han hade en 12-\u00e5rig Jamie Lee Curtis i \u00e5tanke.<\/p>\n<p>Stark ringde Curtis mamma, den legendariska <a href=\"https:\/\/www.moviezine.se\/movies\/psycho-1960\" rel=\"nofollow noopener\" target=\"_blank\">\u201dPsycho\u201d<\/a>-stj\u00e4rnan Janet Leigh, och ville att dottern skulle provspela. Svaret blev ett best\u00e4mt nej.<\/p>\n<p>\u2013 Min mamma ville verkligen att jag skulle f\u00e5 en barndom, tack gud f\u00f6r det, ber\u00e4ttade Curtis nyligen i <a href=\"https:\/\/www.youtube.com\/watch?v=H2paQZJmolQ\" rel=\"nofollow noopener\" target=\"_blank\">\u201dThe Drew Barrymore Show\u201d<\/a>.<\/p>\n<p>Leigh visste sj\u00e4lv vad skr\u00e4ckgenren kunde inneb\u00e4ra. Hennes ikoniska duschscen i Alfred Hitchcocks \u201dPsycho\u201d fr\u00e5n 1960 f\u00f6rf\u00f6ljde henne genom hela karri\u00e4ren. Kanske ville hon skydda sin dotter fr\u00e5n samma \u00f6de.<\/p>\n<p>Linda Blair fick ist\u00e4llet rollen och f\u00f6rvandlades till en skr\u00e4ckikon \u00f6ver en natt. <a href=\"https:\/\/www.moviezine.se\/movies\/exorcisten\" rel=\"nofollow noopener\" target=\"_blank\">\u201dExorcisten\u201d<\/a> drog in motsvarande tre miljarder kronor och chockade biobes\u00f6kare v\u00e4rlden \u00f6ver.<\/p>\n<p>Fem \u00e5r senare debuterade Curtis \u00e4nd\u00e5 i skr\u00e4ckgenren, som den jagade barnvakten i John Carpenters <a href=\"https:\/\/www.moviezine.se\/movies\/alla-helgons-blodiga-natt\" rel=\"nofollow noopener\" target=\"_blank\">\u201dHalloween\u201d<\/a>. Resten \u00e4r filmhistoria.<\/p>\n<p>Nu \u00e5teruppst\u00e5r franchisen med Scarlett Johansson framf\u00f6r kameran och Mike Flanagan i registolen.<\/p>\n<p>Flanagan har levererat moderna skr\u00e4ckklassiker:<\/p>\n<ul class=\"wp-block-list\">\n<li>\u201dThe Haunting of Hill House\u201d (2018)<\/li>\n<li>\u201dDoctor Sleep\u201d (2019)<\/li>\n<li>\u201dMidnight Mass\u201d (2021)<\/li>\n<li>\u201dThe Fall of the House of Usher\u201d (2023)<\/li>\n<\/ul>\n<p>L\u00e4s ocks\u00e5: <a href=\"https:\/\/www.moviezine.se\/nyheter\/nya-fredagen-den-13e-serien-blir-ingen-klassisk-slasher-en-paranoid-70-talsthriller\" title=\"Nya \u201dFredagen den 13:e\u201d-serien blir ingen klassisk slasher: \u201dEn paranoid 70-talsthriller\u201d\" class=\"underline-custom !font-montserrat !font-bold !underline-offset-4 !decoration-4 !decoration-moviezine-green !text-md\" rel=\"nofollow noopener\" target=\"_blank\">Nya \u201dFredagen den 13:e\u201d-serien blir ingen klassisk slasher: \u201dEn paranoid 70-talsthriller\u201d<\/a><\/p>\n<p>L\u00e4s ocks\u00e5: <a href=\"https:\/\/www.moviezine.se\/nyheter\/missade-du-dessa-10-moderna-skrackfilmer-som-smugit-under-radarn\" title=\"Missade du dessa? 10 moderna skr\u00e4ckfilmer som smugit under radarn\" class=\"underline-custom !font-montserrat !font-bold !underline-offset-4 !decoration-4 !decoration-moviezine-green !text-md\" rel=\"nofollow noopener\" target=\"_blank\">Missade du dessa? 10 moderna skr\u00e4ckfilmer som smugit under radarn<\/a><\/p>\n","protected":false},"excerpt":{"rendered":"\u00c5ret var 1972 och Hollywood f\u00f6rberedde en av filmhistoriens mest omtalade skr\u00e4ckfilmer. Producenten Ray Stark letade efter en&hellip;\n","protected":false},"author":2,"featured_media":119106,"comment_status":"","ping_status":"","sticky":false,"template":"","format":"standard","meta":{"footnotes":""},"categories":[67],"tags":[104,2394,34,2054,31,33,32,30,105],"class_list":{"0":"post-119105","1":"post","2":"type-post","3":"status-publish","4":"format-standard","5":"has-post-thumbnail","7":"category-underhallning","8":"tag-entertainment","9":"tag-kandisar","10":"tag-se","11":"tag-skrack","12":"tag-svenska","13":"tag-sverige","14":"tag-sweden","15":"tag-swedish","16":"tag-underhallning"},"share_on_mastodon":{"url":"https:\/\/pubeurope.com\/@se\/115796469598919822","error":""},"_links":{"self":[{"href":"https:\/\/www.europesays.com\/se\/wp-json\/wp\/v2\/posts\/119105","targetHints":{"allow":["GET"]}}],"collection":[{"href":"https:\/\/www.europesays.com\/se\/wp-json\/wp\/v2\/posts"}],"about":[{"href":"https:\/\/www.europesays.com\/se\/wp-json\/wp\/v2\/types\/post"}],"author":[{"embeddable":true,"href":"https:\/\/www.europesays.com\/se\/wp-json\/wp\/v2\/users\/2"}],"replies":[{"embeddable":true,"href":"https:\/\/www.europesays.com\/se\/wp-json\/wp\/v2\/comments?post=119105"}],"version-history":[{"count":0,"href":"https:\/\/www.europesays.com\/se\/wp-json\/wp\/v2\/posts\/119105\/revisions"}],"wp:featuredmedia":[{"embeddable":true,"href":"https:\/\/www.europesays.com\/se\/wp-json\/wp\/v2\/media\/119106"}],"wp:attachment":[{"href":"https:\/\/www.europesays.com\/se\/wp-json\/wp\/v2\/media?parent=119105"}],"wp:term":[{"taxonomy":"category","embeddable":true,"href":"https:\/\/www.europesays.com\/se\/wp-json\/wp\/v2\/categories?post=119105"},{"taxonomy":"post_tag","embeddable":true,"href":"https:\/\/www.europesays.com\/se\/wp-json\/wp\/v2\/tags?post=119105"}],"curies":[{"name":"wp","href":"https:\/\/api.w.org\/{rel}","templated":true}]}}