{"id":119113,"date":"2025-12-28T09:32:13","date_gmt":"2025-12-28T09:32:13","guid":{"rendered":"https:\/\/www.europesays.com\/se\/119113\/"},"modified":"2025-12-28T09:32:13","modified_gmt":"2025-12-28T09:32:13","slug":"amanda-romare-om-pojkvannen-jag-ar-inte-sa-bra-flickvan-som-jag-trodde","status":"publish","type":"post","link":"https:\/\/www.europesays.com\/se\/119113\/","title":{"rendered":"Amanda Romare om pojkv\u00e4nnen: \u201dJag \u00e4r inte s\u00e5 bra flickv\u00e4n som jag trodde\u201d"},"content":{"rendered":"\n<p>Publicerad den 27 december 2025 av Metro Mode<\/p>\n<p><strong>Amanda Romare har l\u00e4nge varit synonym med singelliv, dejtingkaos och brutalt \u00e4rliga skildringar av k\u00e4rlek. Men nu har n\u00e5got f\u00f6r\u00e4ndrats. F\u00f6rfattaren bakom succ\u00e9n <a href=\"https:\/\/metromode.se\/bounce?url=3526793370.aHR0cHM6Ly93d3cuYm9rdXMuY29tL2Jvay85Nzg5MTI3MTcyNDk0L2hhbHZhLW1hbG1vLWJlc3Rhci1hdi1raWxsYXItc29tLWR1bXBhdC1taWcv\" rel=\"nofollow noopener\" target=\"_blank\">Halva Malm\u00f6 best\u00e5r av killar som dumpat mig<\/a> har l\u00e4mnat singellivet bakom sig \u2013 och i SVT:s Carina Bergfeldt ber\u00e4ttar hon \u00f6ppet om relationen, tryggheten och de mindre smickrande sidorna av sig sj\u00e4lv som kommit fram.<\/strong><\/p>\n<p><img loading=\"lazy\" decoding=\"async\" width=\"1200\" height=\"800\" src=\"https:\/\/www.europesays.com\/se\/wp-content\/uploads\/2025\/12\/amanda-romare-om-pojkvannen-jag-ar-inte-sa-bra-flickvan-som-jag-trodde.jpg\" alt=\"\" class=\"wp-image-410985\"\/>Foto: SVT<\/p>\n<p><strong>\u201dJag trodde jag hade vuxit ifr\u00e5n det\u201d<\/strong><\/p>\n<p>I intervjun beskriver Amanda Romare hur det varit att g\u00e5 fr\u00e5n \u00f6ver tio \u00e5r som singel till att leva i en relation. Tryggheten \u00e4r n\u00e5got hon lyfter som positivt, men hon erk\u00e4nner ocks\u00e5 att hon hade h\u00f6ga f\u00f6rv\u00e4ntningar p\u00e5 sig sj\u00e4lv som partner.<\/p>\n<p>\u2013 Det var optimistiskt av mig att tro att jag vuxit ifr\u00e5n mitt kontrollbehov. Det \u00e4r n\u00e5got n\u00e4r man inser: jag \u00e4r inte s\u00e5 bra flickv\u00e4n som jag trodde, s\u00e4ger hon.<\/p>\n<p>Hon ber\u00e4ttar att hon kan bli kontrollerande, bland annat kring hur hennes pojkv\u00e4n kl\u00e4r sig och tar hand om sin kropp \u2013 n\u00e5got hon sj\u00e4lv \u00e4r fullt medveten om.<\/p>\n<p>\u2013 Jag kan se mig sj\u00e4lv och bara: \u201dFan vad det h\u00e4r \u00e4r fel. Vad jag beter mig dumt just nu\u201d.<\/p>\n<p><strong>Br\u00e5k om tr\u00e4ning och livsstil<\/strong><\/p>\n<p>En av de st\u00f6rsta konflikterna i relationen har handlat om tr\u00e4ning. Amanda, som sj\u00e4lv tycker om att r\u00f6ra p\u00e5 sig, har haft sv\u00e5rt att acceptera att hennes pojkv\u00e4n inte delar samma intresse.<\/p>\n<p>\u2013 I och med att han v\u00e4grat att r\u00f6ra p\u00e5 sig i flera \u00e5r och jag \u00e4r ganska aktiv har det blivit en stor konflikt, s\u00e4ger hon och ber\u00e4ttar att hon till och med tvingat honom att tr\u00e4na med henne framf\u00f6r tv:n \u2013 n\u00e5got han sk\u00e4mts \u00f6ver.<\/p>\n<p>N\u00e4r viktminskningsmediciner blev ett omtalat \u00e4mne f\u00f6rra \u00e5ret v\u00e4cktes en ny tanke hos Amanda.<\/p>\n<p>\u2013 D\u00e5 k\u00e4ndes det som ett bra alternativ f\u00f6r att vi inte skulle br\u00e5ka.<\/p>\n<p>Hon \u00e4r tydlig med att hon inte tvingade honom, men erk\u00e4nner att hon uppmuntrade till det.<\/p>\n<blockquote class=\"instagram-media\" data-instgrm-captioned=\"\" data-instgrm-permalink=\"https:\/\/www.instagram.com\/p\/DSvCDh0CJMR\/?utm_source=ig_embed&amp;utm_campaign=loading\" data-instgrm-version=\"14\" style=\" background:#FFF; border:0; border-radius:3px; box-shadow:0 0 1px 0 rgba(0,0,0,0.5),0 1px 10px 0 rgba(0,0,0,0.15); margin: 1px; max-width:540px; min-width:326px; padding:0; width:99.375%; width:-webkit-calc(100% - 2px); width:calc(100% - 2px);\"\/>\n<p><strong>OCD, relationer och att bry sig mer \u00e4n man trodde<\/strong><\/p>\n<p>Amanda Romare har tidigare varit \u00f6ppen med sin OCD, bland annat i SVT-serien Tv\u00e5ngstango. \u00c4ven det p\u00e5verkar relationen, och hon beskriver deras br\u00e5k som \u00f6msesidiga.<\/p>\n<p>Det som f\u00f6rv\u00e5nar henne mest \u00e4r dock hur starkt hon faktiskt bryr sig.<\/p>\n<p>\u2013 Jag \u00e4r fascinerad \u00f6ver hur mycket jag bryr mig om hur han ser ut och vad han g\u00f6r.<\/p>\n<p><strong>Pojkv\u00e4nnen \u2013 \u201dden som stannade\u201d<\/strong><\/p>\n<p>I b\u00e5de boken och Netflix-filmatiseringen dejtar Amanda en kille som kallas Emil, spelad av Johannes Lindkvist. Karakt\u00e4ren bygger p\u00e5 hennes verkliga pojkv\u00e4n, som i verkligheten heter n\u00e5got annat.<\/p>\n<p>P\u00e5 Instagram har Amanda delat bilder p\u00e5 honom \u2013 men aldrig avsl\u00f6jat hans namn. En bildtext sammanfattar relationen kort och enkelt:<\/p>\n<p>\u201dDen som stannade.\u201d<\/p>\n<p><img loading=\"lazy\" decoding=\"async\" width=\"1200\" height=\"887\" src=\"https:\/\/www.europesays.com\/se\/wp-content\/uploads\/2025\/12\/amanda-romare-om-pojkvannen-jag-ar-inte-sa-bra-flickvan-som-jag-trodd-1200x887.png\" alt=\"\" class=\"wp-image-410983\"\/><\/p>\n<p>Carina Bergfeldt s\u00e4nds p\u00e5 fredagar p\u00e5 SVT och SVT Play.<\/p>\n<p><strong>L\u00e4s \u00e4ven: <\/strong><\/p>\n<p><strong><a href=\"https:\/\/metromode.se\/noje\/amanda-romare-gor-ny-tv-serie\/\" rel=\"nofollow noopener\" target=\"_blank\">Amanda Romare g\u00f6r ny tv-serie!<\/a><\/strong><\/p>\n<p><strong><a href=\"https:\/\/metromode.se\/noje\/halva-malmo-forfattarens-dejtingtips-sluta-vara-fixerad\/\" rel=\"nofollow noopener\" target=\"_blank\">\u201cHalva Malm\u00f6\u201d-f\u00f6rfattarens dejtingtips: \u201cSluta vara fixerad\u201d<\/a><\/strong><\/p>\n<p>   <script async src=\"\/\/www.instagram.com\/embed.js\"><\/script><\/p>\n","protected":false},"excerpt":{"rendered":"Publicerad den 27 december 2025 av Metro Mode Amanda Romare har l\u00e4nge varit synonym med singelliv, dejtingkaos och&hellip;\n","protected":false},"author":2,"featured_media":119114,"comment_status":"","ping_status":"","sticky":false,"template":"","format":"standard","meta":{"footnotes":""},"categories":[67],"tags":[104,34,31,33,32,30,105],"class_list":{"0":"post-119113","1":"post","2":"type-post","3":"status-publish","4":"format-standard","5":"has-post-thumbnail","7":"category-underhallning","8":"tag-entertainment","9":"tag-se","10":"tag-svenska","11":"tag-sverige","12":"tag-sweden","13":"tag-swedish","14":"tag-underhallning"},"share_on_mastodon":{"url":"https:\/\/pubeurope.com\/@se\/115796505142531988","error":""},"_links":{"self":[{"href":"https:\/\/www.europesays.com\/se\/wp-json\/wp\/v2\/posts\/119113","targetHints":{"allow":["GET"]}}],"collection":[{"href":"https:\/\/www.europesays.com\/se\/wp-json\/wp\/v2\/posts"}],"about":[{"href":"https:\/\/www.europesays.com\/se\/wp-json\/wp\/v2\/types\/post"}],"author":[{"embeddable":true,"href":"https:\/\/www.europesays.com\/se\/wp-json\/wp\/v2\/users\/2"}],"replies":[{"embeddable":true,"href":"https:\/\/www.europesays.com\/se\/wp-json\/wp\/v2\/comments?post=119113"}],"version-history":[{"count":0,"href":"https:\/\/www.europesays.com\/se\/wp-json\/wp\/v2\/posts\/119113\/revisions"}],"wp:featuredmedia":[{"embeddable":true,"href":"https:\/\/www.europesays.com\/se\/wp-json\/wp\/v2\/media\/119114"}],"wp:attachment":[{"href":"https:\/\/www.europesays.com\/se\/wp-json\/wp\/v2\/media?parent=119113"}],"wp:term":[{"taxonomy":"category","embeddable":true,"href":"https:\/\/www.europesays.com\/se\/wp-json\/wp\/v2\/categories?post=119113"},{"taxonomy":"post_tag","embeddable":true,"href":"https:\/\/www.europesays.com\/se\/wp-json\/wp\/v2\/tags?post=119113"}],"curies":[{"name":"wp","href":"https:\/\/api.w.org\/{rel}","templated":true}]}}