{"id":119119,"date":"2025-12-28T09:44:16","date_gmt":"2025-12-28T09:44:16","guid":{"rendered":"https:\/\/www.europesays.com\/se\/119119\/"},"modified":"2025-12-28T09:44:16","modified_gmt":"2025-12-28T09:44:16","slug":"nu-ar-samtalet-igang-kvartal","status":"publish","type":"post","link":"https:\/\/www.europesays.com\/se\/119119\/","title":{"rendered":"Nu \u00e4r samtalet ig\u00e5ng! \u2013 Kvartal"},"content":{"rendered":"<p class=\"text-[17px] sm:text-[18px] leading-[1.5] font-cambon text-text-default-tertiary\">Under f\u00f6rra veckan skedde s\u00e5 den sista efterl\u00e4ngtade utvecklingen av det nya Kvartal. Vi \u00f6ppnade appen f\u00f6r er lyssnare och l\u00e4sare att dela med er av era reflektioner, \u00e5sikter och kunskaper i anslutning till v\u00e5ra publiceringar. Eller sista f\u00f6rresten \u2013 vi har massor av planer f\u00f6r ytterligare utveckling, men det h\u00e4r blev det sista vi hann med under detta mycket dynamiska 2025.<\/p>\n<p class=\"text-[17px] sm:text-[18px] leading-[1.5] font-cambon text-text-default-tertiary\">Vi har lagt ner (och kommer att forts\u00e4tta l\u00e4gga ner) mycket energi p\u00e5 att f\u00e5 detta att inte bara bli ett vanligt kommentarsf\u00e4lt d\u00e4r m\u00e4nniskor skriver av sig sin frustration inf\u00f6r en krympande skara \u00e5h\u00f6rare. \u00c4nda sedan jag b\u00f6rjade med Kvartal f\u00f6r nu \u00e5tta \u00e5r sedan har jag slagits av vilken fantastisk publik vi hela tiden har haft; ni som gjort det till en vana att l\u00e4sa och lyssna p\u00e5 Kvartal har ofta rika erfarenheter, b\u00e5de privata och professionella, och har dessutom en f\u00f6rm\u00e5ga att beskriva dem i skrift. Genom \u00e5ren har det bekr\u00e4ftats g\u00e5ng p\u00e5 g\u00e5ng genom de m\u00e5nga mejl jag f\u00e5tt av er och som jag (undantag finns s\u00e4kert) f\u00f6rs\u00f6kt att alltid besvara.<\/p>\n<p>M\u00e5nga motiverade ambassad\u00f6rer<\/p>\n<p class=\"text-[17px] sm:text-[18px] leading-[1.5] font-cambon text-text-default-tertiary\">V\u00e5r efterlysning av \u201dsamtalsambassad\u00f6rer\u201d var en god illustration p\u00e5 detta. Flera hundra intresseanm\u00e4lningar kom in, och av dessa var det kanske en eller tv\u00e5 d\u00e4r jag k\u00e4nde att den h\u00e4r personen nog inte skulle passa. Till slut komponerade vi ihop en lista p\u00e5 drygt 30 ambassad\u00f6rer som nu \u00e4r i full f\u00e4rd med att hj\u00e4lpa oss att skapa Sveriges b\u00e4sta samtal. Vi \u00e4r redan ig\u00e5ng och \u00e4n s\u00e5 l\u00e4nge ser det mycket lovande ut.\u00a0<\/p>\n<p class=\"text-[17px] sm:text-[18px] leading-[1.5] font-cambon text-text-default-tertiary\">Vi \u00e4r samtidigt helt medvetna om att vi lagt ribban h\u00f6gt. De sociala medierna tycks ha en inneboende dynamik d\u00e4r tonen gradvis blir argare och kommentarerna allt fattigare p\u00e5 proteinrikt inneh\u00e5ll. Men vi har n\u00e5gra ess i rock\u00e4rmen.\u00a0<\/p>\n<p class=\"text-[17px] sm:text-[18px] leading-[1.5] font-cambon text-text-default-tertiary\">Ett av dem \u00e4r att v\u00e5rt samtal inte styrs av n\u00e5gra algoritmer som puffar upp inneh\u00e5ll med arga utrop eller spektakul\u00e4ra personp\u00e5hopp. Kvartal ska vara ett i ordets r\u00e4tta bem\u00e4rkelse socialt nyhetsmedium. Ett andra ess \u00e4r det system f\u00f6r moderering som vi satt upp, d\u00e4r m\u00e5let \u00e4r att v\u00e5rda det goda samtalet. Ett tredje \u00e4r v\u00e5rt l\u00f6fte till alla som engagerar sig i samtalet att vi som arbetar med det journalistiska inneh\u00e5llet ocks\u00e5 ska engagera oss och delta. Det h\u00e4r blir ett s\u00e4tt f\u00f6r oss att m\u00f6ta v\u00e5ra l\u00e4sare och lyssnare varje dag. Ett fj\u00e4rde ess vi har \u00e4r att detta samtal \u00e4r exklusivt f\u00f6r Kvartals betalande prenumeranter. Det g\u00f6r att vi \u2013 \u00e4ven om vi till\u00e5ter alias f\u00f6r anv\u00e4ndare \u2013 har full koll p\u00e5 vem som kommenterar och d\u00e4rf\u00f6r kan \u00e5terkoppla direkt till den som inte h\u00e5ller sig inom ramen f\u00f6r de samtalsregler vi satt upp.<\/p>\n<p class=\"text-[17px] sm:text-[18px] leading-[1.5] font-cambon text-text-default-tertiary\">S\u00e5 om du vill ge oss p\u00e5 Kvartal en riktigt efterl\u00e4ngtad ny\u00e5rsg\u00e5va inf\u00f6r 2026: bli en del av samtalet du ocks\u00e5!<\/p>\n<p>Fr\u00e5n n\u00e4tmagasin till dagstidning<\/p>\n<p class=\"text-[17px] sm:text-[18px] leading-[1.5] font-cambon text-text-default-tertiary\">Som jag var inne p\u00e5 i b\u00f6rjan av detta nyhetsbrev har 2025 varit Kvartals kanske mest intensiva \u00e5r n\u00e5gonsin. Direkt efter sommaren sj\u00f6satte vi den nya sajten och fullf\u00f6ljde d\u00e4rmed transformationen fr\u00e5n ett \u201dmagasin p\u00e5 n\u00e4tet\u201d best\u00e5ende av enbart f\u00f6rdjupande inneh\u00e5ll till en dagstidning p\u00e5 n\u00e4tet. Det nya Kvartal inneh\u00e5ller visserligen till och med mer f\u00f6rdjupning \u00e4n tidigare men h\u00e5ller dessutom publiken uppdaterad p\u00e5 nyhetsfronten med det viktigaste som h\u00e4nder i Sverige och v\u00e4rlden.<\/p>\n<p class=\"text-[17px] sm:text-[18px] leading-[1.5] font-cambon text-text-default-tertiary\">N\u00e4sta f\u00f6r\u00e4ndring var att vi helt gick ifr\u00e5n den gamla tidningslogikens s\u00e4tt att sortera inneh\u00e5ll utifr\u00e5n vinjetter som \u201dreportage\u201d, \u201danalys\u201d, \u201dkommentar\u201d, \u201dkr\u00f6nika\u201d och s\u00e5 vidare. Inte heller tror vi att v\u00e5r vuxna publik som g\u00e4rna t\u00e4nker sj\u00e4lv beh\u00f6ver n\u00e5gra brasklappar av typen: \u201dDet h\u00e4r \u00e4r en argumenterande text med syfte att p\u00e5verka. \u00c5sikterna som uttrycks \u00e4r skribentens egna.\u201d All journalistik, vare sig det handlar om debattartiklar, intervjuer eller granskningar, vill p\u00e5verka. Det \u00e4r bara metoden som skiljer sig, och den tror vi att publiken kan urskilja utan v\u00e5r hj\u00e4lp.<\/p>\n<p>En v\u00e4xande skara \u201dvita kaniner\u201d<\/p>\n<p class=\"text-[17px] sm:text-[18px] leading-[1.5] font-cambon text-text-default-tertiary\">P\u00e5 det nya Kvartal finns bara tv\u00e5 sorters inneh\u00e5ll: Kortare nyheter d\u00e4r nyhetsredaktionen \u00e4r avs\u00e4ndare. Och f\u00f6rdjupning d\u00e4r n\u00e5gon av Kvartals profiler alltid st\u00e5r som avs\u00e4ndare. Antingen som reporter, som programledare eller som redakt\u00f6r \u2013 det vill s\u00e4ga den som tagit in texten p\u00e5 plattformen. Det betyder att du hittar allt inneh\u00e5ll som en viss profil st\u00e5r bakom p\u00e5 hennes eller hans profilsida. Min heter exempelvis <a target=\"_blank\" href=\"http:\/\/kvartal.se\/jorgenhuitfeldt\" class=\"text-text-brand hover:underline\" rel=\"nofollow noopener\">kvartal.se\/jorgenhuitfeldt<\/a><\/p>\n<p class=\"text-[17px] sm:text-[18px] leading-[1.5] font-cambon text-text-default-tertiary\">Den tredje stora f\u00f6r\u00e4ndringen var allts\u00e5 den jag beskrev inledningsvis, d\u00e4r Kvartals profiler nu kan skriva \u201dtankar\u201d i anslutning till v\u00e5ra publiceringar och v\u00e5ra prenumeranter kan delta i samtalet.<\/p>\n<p class=\"text-[17px] sm:text-[18px] leading-[1.5] font-cambon text-text-default-tertiary\">Jag v\u00e5gar lova att vi kommer jobba lika h\u00e5rt 2026. F\u00f6r detta \u00e4r v\u00e4ldigt kul! Inte minst d\u00e5 gensvaret fr\u00e5n er som f\u00f6ljer Kvartal i stort sett utan undantag har varit positivt. Det har ocks\u00e5 varit positivt fr\u00e5n den grupp som tidigare inte har varit Kvartalprenumeranter men som nu insett att ni \u00e4r vad vi kallar \u201dvita kaniner&#8221;. Och ni forts\u00e4tter snabbt att bli fler.<\/p>\n<p class=\"text-[17px] sm:text-[18px] leading-[1.5] font-cambon text-text-default-tertiary\">Jag \u00f6nskar dig ett gott och h\u00e4ndelserikt 2026.<\/p>\n","protected":false},"excerpt":{"rendered":"Under f\u00f6rra veckan skedde s\u00e5 den sista efterl\u00e4ngtade utvecklingen av det nya Kvartal. Vi \u00f6ppnade appen f\u00f6r er&hellip;\n","protected":false},"author":2,"featured_media":119120,"comment_status":"","ping_status":"","sticky":false,"template":"","format":"standard","meta":{"footnotes":""},"categories":[12],"tags":[22,23,26,27,17,21,12729,24,25,28,29,12730,3764,15,16,18,34,636,31,33,32,30,19,20],"class_list":{"0":"post-119119","1":"post","2":"type-post","3":"status-publish","4":"format-standard","5":"has-post-thumbnail","7":"category-sverige","8":"tag-breaking-news","9":"tag-breakingnews","10":"tag-featured-news","11":"tag-featurednews","12":"tag-headlines","13":"tag-huvudnyheter","14":"tag-kvartal","15":"tag-latest-news","16":"tag-latestnews","17":"tag-main-news","18":"tag-mainnews","19":"tag-mediehuset-kvartal","20":"tag-medier","21":"tag-news","22":"tag-nyheter","23":"tag-rubriker","24":"tag-se","25":"tag-sociala-medier","26":"tag-svenska","27":"tag-sverige","28":"tag-sweden","29":"tag-swedish","30":"tag-top-stories","31":"tag-topstories"},"share_on_mastodon":{"url":"https:\/\/pubeurope.com\/@se\/115796552188392824","error":""},"_links":{"self":[{"href":"https:\/\/www.europesays.com\/se\/wp-json\/wp\/v2\/posts\/119119","targetHints":{"allow":["GET"]}}],"collection":[{"href":"https:\/\/www.europesays.com\/se\/wp-json\/wp\/v2\/posts"}],"about":[{"href":"https:\/\/www.europesays.com\/se\/wp-json\/wp\/v2\/types\/post"}],"author":[{"embeddable":true,"href":"https:\/\/www.europesays.com\/se\/wp-json\/wp\/v2\/users\/2"}],"replies":[{"embeddable":true,"href":"https:\/\/www.europesays.com\/se\/wp-json\/wp\/v2\/comments?post=119119"}],"version-history":[{"count":0,"href":"https:\/\/www.europesays.com\/se\/wp-json\/wp\/v2\/posts\/119119\/revisions"}],"wp:featuredmedia":[{"embeddable":true,"href":"https:\/\/www.europesays.com\/se\/wp-json\/wp\/v2\/media\/119120"}],"wp:attachment":[{"href":"https:\/\/www.europesays.com\/se\/wp-json\/wp\/v2\/media?parent=119119"}],"wp:term":[{"taxonomy":"category","embeddable":true,"href":"https:\/\/www.europesays.com\/se\/wp-json\/wp\/v2\/categories?post=119119"},{"taxonomy":"post_tag","embeddable":true,"href":"https:\/\/www.europesays.com\/se\/wp-json\/wp\/v2\/tags?post=119119"}],"curies":[{"name":"wp","href":"https:\/\/api.w.org\/{rel}","templated":true}]}}