{"id":119123,"date":"2025-12-28T09:48:11","date_gmt":"2025-12-28T09:48:11","guid":{"rendered":"https:\/\/www.europesays.com\/se\/119123\/"},"modified":"2025-12-28T09:48:11","modified_gmt":"2025-12-28T09:48:11","slug":"stjarnspackat-pa-skansen-har-ar-artisterna-som-firar-in-tolvslaget-pa-nyarsafton","status":"publish","type":"post","link":"https:\/\/www.europesays.com\/se\/119123\/","title":{"rendered":"Stj\u00e4rnsp\u00e4ckat p\u00e5 Skansen \u2013 h\u00e4r \u00e4r artisterna som firar in tolvslaget p\u00e5 ny\u00e5rsafton"},"content":{"rendered":"<p>FILM &amp; TV<\/p>\n<p><strong>Det \u00e4r en av Sveriges mest ikoniska traditioner. I \u00e5r \u00e4r det sk\u00e5despelaren och regiss\u00f6ren Helena Bergstr\u00f6m som f\u00e5tt det \u00e4rofyllda uppdraget att ringa in 2026 p\u00e5 Skansen i Stockholm. Men r\u00e4kna med en tolkning ut\u00f6ver det vanliga.<\/strong><\/p>\n<p>N\u00e4r tolvslaget n\u00e4rmar sig p\u00e5 ny\u00e5rsafton riktas blickarna traditionsenligt mot Sollidens scen p\u00e5 Skansen i Stockholm. I \u00e5r \u00e4r det Helena Bergstr\u00f6m som tar plats vid podiet f\u00f6r att l\u00e4sa Alfred Tennysons klassiska dikt \u201dNy\u00e5rsklockan\u201d.<\/p>\n<p>SVT utlovar en l\u00e4sning som skiljer sig fr\u00e5n tidigare \u00e5r. Helena Bergstr\u00f6m ber\u00e4ttar att hon vill ge dikten ett nytt liv, anpassat efter det r\u00e5dande v\u00e4rldsl\u00e4get. <\/p>\n<p>\u2013 Jag hoppas kunna f\u00f6rmedla den reflektion, tr\u00f6st och framtidstro som finns i dikten s\u00e5 att orden kan f\u00e5 f\u00f6lja med in i det nya \u00e5ret. D\u00e4rf\u00f6r kommer jag att framf\u00f6ra den p\u00e5 ett lite nytt s\u00e4tt \u2013 med f\u00f6rhoppningen att komma n\u00e4rmare den som lyssnar, s\u00e4ger hon.<\/p>\n<p>Programledare och stj\u00e4rnglans<\/p>\n<p>Vid sin sida har Helena Bergstr\u00f6m ett av Sveriges mest folkk\u00e4ra ansikten, Andr\u00e9 Pops, som leder s\u00e4ndningen tillsammans med Linnea Wikblad. F\u00f6r Linnea \u00e4r uppdraget lite extra speciellt: <\/p>\n<p>\u2013 Jag \u00e4r lite l\u00e4tt okl\u00e4dsamt f\u00f6rtjust i b\u00e5de Andr\u00e9 Pops och Helena Bergstr\u00f6m. Hoppas p\u00e5 en selfie efter tolvslaget, s\u00e4ger hon med ett skratt.<\/p>\n<p>Andr\u00e9 Pops betonar vikten av att vara ett s\u00e4llskap f\u00f6r alla tittare, oavsett hur man v\u00e4ljer att fira sin ny\u00e5rsafton. <\/p>\n<p>\u2013 Oavsett om ni firar sj\u00e4lva, lugnt och stilla med familjen eller har party med polarna s\u00e5 finns vi d\u00e4r, h\u00e4lsar han.<\/p>\n<p>Fullsp\u00e4ckat musikprogram<\/p>\n<p>Kv\u00e4llen bjuder \u00e4ven p\u00e5 ett brett musikaliskt program d\u00e4r artister som Tommy K\u00f6rberg, Charlotte Perelli och Greczula upptr\u00e4der. Dessutom medverkar Fanny Avonne och Tensta Joyful Noise, allt ackompanjerat av Johan Granstr\u00f6ms orkester.<\/p>\n<p>S\u00e4ndningen startar i SVT1 och p\u00e5 <a href=\"https:\/\/www.oskarshamns-nytt.se\/tag\/svt-play\/\" data-type=\"post_tag\" data-id=\"2643\" rel=\"nofollow noopener\" target=\"_blank\">SVT Play<\/a> under ny\u00e5rsaftonens sista timmar och kulminerar i det stora fyrverkeriet \u00f6ver Stockholm vid tolvslaget.<\/p>\n<p>         \t\t<img loading=\"lazy\" decoding=\"async\" src=\"https:\/\/www.europesays.com\/se\/wp-content\/uploads\/2025\/12\/1766636944_988_Annicka-Gunnarsson-360x360-1.jpg\" width=\"100\" height=\"100\" alt=\"Annicka Gunnarsson\" itemprop=\"image\"\/><\/p>\n<p>Redakt\u00f6r, annonsering, webb- &amp; ekonomiansvarig. Kontakta mig g\u00e4rna om du \u00e4r intresserad av att annonsera p\u00e5 ON!<\/p>\n<p><a href=\"https:\/\/www.oskarshamns-nytt.se\/stjarnspackat-pa-skansen-har-ar-artisterna-som-firar-in-tolvslaget-pa-nyarsafton\/mailto:annicka@oskarshamns-nytt.se\" rel=\"nofollow noopener\" target=\"_blank\">annicka@oskarshamns-nytt.se<\/a><\/p>\n","protected":false},"excerpt":{"rendered":"FILM &amp; TV Det \u00e4r en av Sveriges mest ikoniska traditioner. I \u00e5r \u00e4r det sk\u00e5despelaren och regiss\u00f6ren&hellip;\n","protected":false},"author":2,"featured_media":119124,"comment_status":"","ping_status":"","sticky":false,"template":"","format":"standard","meta":{"footnotes":""},"categories":[67],"tags":[104,34,31,33,32,30,105],"class_list":{"0":"post-119123","1":"post","2":"type-post","3":"status-publish","4":"format-standard","5":"has-post-thumbnail","7":"category-underhallning","8":"tag-entertainment","9":"tag-se","10":"tag-svenska","11":"tag-sverige","12":"tag-sweden","13":"tag-swedish","14":"tag-underhallning"},"share_on_mastodon":{"url":"https:\/\/pubeurope.com\/@se\/115796568062993935","error":""},"_links":{"self":[{"href":"https:\/\/www.europesays.com\/se\/wp-json\/wp\/v2\/posts\/119123","targetHints":{"allow":["GET"]}}],"collection":[{"href":"https:\/\/www.europesays.com\/se\/wp-json\/wp\/v2\/posts"}],"about":[{"href":"https:\/\/www.europesays.com\/se\/wp-json\/wp\/v2\/types\/post"}],"author":[{"embeddable":true,"href":"https:\/\/www.europesays.com\/se\/wp-json\/wp\/v2\/users\/2"}],"replies":[{"embeddable":true,"href":"https:\/\/www.europesays.com\/se\/wp-json\/wp\/v2\/comments?post=119123"}],"version-history":[{"count":0,"href":"https:\/\/www.europesays.com\/se\/wp-json\/wp\/v2\/posts\/119123\/revisions"}],"wp:featuredmedia":[{"embeddable":true,"href":"https:\/\/www.europesays.com\/se\/wp-json\/wp\/v2\/media\/119124"}],"wp:attachment":[{"href":"https:\/\/www.europesays.com\/se\/wp-json\/wp\/v2\/media?parent=119123"}],"wp:term":[{"taxonomy":"category","embeddable":true,"href":"https:\/\/www.europesays.com\/se\/wp-json\/wp\/v2\/categories?post=119123"},{"taxonomy":"post_tag","embeddable":true,"href":"https:\/\/www.europesays.com\/se\/wp-json\/wp\/v2\/tags?post=119123"}],"curies":[{"name":"wp","href":"https:\/\/api.w.org\/{rel}","templated":true}]}}