{"id":119131,"date":"2025-12-28T09:58:12","date_gmt":"2025-12-28T09:58:12","guid":{"rendered":"https:\/\/www.europesays.com\/se\/119131\/"},"modified":"2025-12-28T09:58:12","modified_gmt":"2025-12-28T09:58:12","slug":"elektrifiering-bildelning-och-autonoma-bilar","status":"publish","type":"post","link":"https:\/\/www.europesays.com\/se\/119131\/","title":{"rendered":"Elektrifiering, bildelning och autonoma bilar"},"content":{"rendered":"<p>2025 har pr\u00e4glats av en inbromsning av elektrifieringen och snabba framsteg inom b\u00e5de AI och autonoma fordon. Och Kina vinner mark i h\u00f6gt tempo.\u00a0<\/p>\n<p>H\u00e4r delar 45 tungviktare med sig av sina spaningar fr\u00e5n \u00e5ret som g\u00e5tt och vad som v\u00e4ntar fram\u00e5t.<br \/>H\u00f6jdpunkter: <br \/>\u2022 \u201dDet har aldrig genomf\u00f6rts s\u00e5 mycket v\u00e4g- och j\u00e4rnv\u00e4gsunderh\u00e5ll ett enskilt \u00e5r\u201d <br \/>\u2022 \u201dEfter m\u00e5nga \u00e5r av \u2019vinter\u2019 \u00e4r det nu \u2019v\u00e5r\u2019 f\u00f6r sj\u00e4lvk\u00f6randeteknik igen\u201d<br \/>\u2022 \u201dAlla vill st\u00e4lla om, men ingen vill riktigt g\u00f6ra jobbet \u201d<br \/>\u2022 Fler och fler uppt\u00e4cker hur trevligt, tryggt och tillg\u00e4ngligt det blir p\u00e5 gator och torg d\u00e4r biltrafiken begr\u00e4nsas\u201d<br \/>\u2022 \u201dNu kan alla l\u00e4gga r\u00e4ckvidds\u00e5ngesten bakom sig\u201d<\/p>\n<p><strong class=\"global-xxs-bold\">Uppdaterad:<\/strong> 28 december 2025, 10:46<strong class=\"global-xxs-bold\">Publicerad:<\/strong> 28 december 2025, 10:40<\/p>\n<p>Spara<\/p>\n","protected":false},"excerpt":{"rendered":"2025 har pr\u00e4glats av en inbromsning av elektrifieringen och snabba framsteg inom b\u00e5de AI och autonoma fordon. Och&hellip;\n","protected":false},"author":2,"featured_media":119132,"comment_status":"","ping_status":"","sticky":false,"template":"","format":"standard","meta":{"footnotes":""},"categories":[65],"tags":[72,70,71,34,31,33,32,30],"class_list":{"0":"post-119131","1":"post","2":"type-post","3":"status-publish","4":"format-standard","5":"has-post-thumbnail","7":"category-ekonomi","8":"tag-business","9":"tag-economy","10":"tag-ekonomi","11":"tag-se","12":"tag-svenska","13":"tag-sverige","14":"tag-sweden","15":"tag-swedish"},"share_on_mastodon":{"url":"https:\/\/pubeurope.com\/@se\/115796607183504002","error":""},"_links":{"self":[{"href":"https:\/\/www.europesays.com\/se\/wp-json\/wp\/v2\/posts\/119131","targetHints":{"allow":["GET"]}}],"collection":[{"href":"https:\/\/www.europesays.com\/se\/wp-json\/wp\/v2\/posts"}],"about":[{"href":"https:\/\/www.europesays.com\/se\/wp-json\/wp\/v2\/types\/post"}],"author":[{"embeddable":true,"href":"https:\/\/www.europesays.com\/se\/wp-json\/wp\/v2\/users\/2"}],"replies":[{"embeddable":true,"href":"https:\/\/www.europesays.com\/se\/wp-json\/wp\/v2\/comments?post=119131"}],"version-history":[{"count":0,"href":"https:\/\/www.europesays.com\/se\/wp-json\/wp\/v2\/posts\/119131\/revisions"}],"wp:featuredmedia":[{"embeddable":true,"href":"https:\/\/www.europesays.com\/se\/wp-json\/wp\/v2\/media\/119132"}],"wp:attachment":[{"href":"https:\/\/www.europesays.com\/se\/wp-json\/wp\/v2\/media?parent=119131"}],"wp:term":[{"taxonomy":"category","embeddable":true,"href":"https:\/\/www.europesays.com\/se\/wp-json\/wp\/v2\/categories?post=119131"},{"taxonomy":"post_tag","embeddable":true,"href":"https:\/\/www.europesays.com\/se\/wp-json\/wp\/v2\/tags?post=119131"}],"curies":[{"name":"wp","href":"https:\/\/api.w.org\/{rel}","templated":true}]}}