{"id":119143,"date":"2025-12-28T10:14:06","date_gmt":"2025-12-28T10:14:06","guid":{"rendered":"https:\/\/www.europesays.com\/se\/119143\/"},"modified":"2025-12-28T10:14:06","modified_gmt":"2025-12-28T10:14:06","slug":"brigitte-bardot-ar-dod-svt-nyheter","status":"publish","type":"post","link":"https:\/\/www.europesays.com\/se\/119143\/","title":{"rendered":"Brigitte Bardot \u00e4r d\u00f6d | SVT Nyheter"},"content":{"rendered":"<p>Brigitte Bardot inledde sin sk\u00e5despelarkarri\u00e4r 1952 och fick sitt genombrott med filmen \u201dOch Gud skapade kvinnan&#8230;\u201d som kom 1956. Hon avslutade sk\u00e5despelarkarri\u00e4ren p\u00e5 1970-talet och har sedan dess varit aktiv som djurr\u00e4ttsaktivist. <\/p>\n<p>I oktober i \u00e5r spreds rykten om att Brigitte Bardot d\u00f6tt, n\u00e5got hon senare avf\u00e4rdade i ett inl\u00e4gg p\u00e5 X. <\/p>\n<p>\u201dJag vet inte vilken idiot som startade den h\u00e4r falska nyheten om mitt f\u00f6rsvinnande ikv\u00e4ll, men jag vet att jag m\u00e5r bra och jag har inga planer p\u00e5 att d\u00f6\u201d, skrev hon d\u00e5. <\/p>\n<p>Under s\u00f6ndagsf\u00f6rmiddagen uppgav nyhetsbyr\u00e5n AFP att Brigitte Bardot avlidit med h\u00e4nvisning till hennes stiftelse. Brigitte Bardot blev 91 \u00e5r gammal. <\/p>\n","protected":false},"excerpt":{"rendered":"Brigitte Bardot inledde sin sk\u00e5despelarkarri\u00e4r 1952 och fick sitt genombrott med filmen \u201dOch Gud skapade kvinnan&#8230;\u201d som kom&hellip;\n","protected":false},"author":2,"featured_media":119144,"comment_status":"","ping_status":"","sticky":false,"template":"","format":"standard","meta":{"footnotes":""},"categories":[67],"tags":[104,34,31,33,32,30,105],"class_list":{"0":"post-119143","1":"post","2":"type-post","3":"status-publish","4":"format-standard","5":"has-post-thumbnail","7":"category-underhallning","8":"tag-entertainment","9":"tag-se","10":"tag-svenska","11":"tag-sverige","12":"tag-sweden","13":"tag-swedish","14":"tag-underhallning"},"share_on_mastodon":{"url":"https:\/\/pubeurope.com\/@se\/115796670084812848","error":""},"_links":{"self":[{"href":"https:\/\/www.europesays.com\/se\/wp-json\/wp\/v2\/posts\/119143","targetHints":{"allow":["GET"]}}],"collection":[{"href":"https:\/\/www.europesays.com\/se\/wp-json\/wp\/v2\/posts"}],"about":[{"href":"https:\/\/www.europesays.com\/se\/wp-json\/wp\/v2\/types\/post"}],"author":[{"embeddable":true,"href":"https:\/\/www.europesays.com\/se\/wp-json\/wp\/v2\/users\/2"}],"replies":[{"embeddable":true,"href":"https:\/\/www.europesays.com\/se\/wp-json\/wp\/v2\/comments?post=119143"}],"version-history":[{"count":0,"href":"https:\/\/www.europesays.com\/se\/wp-json\/wp\/v2\/posts\/119143\/revisions"}],"wp:featuredmedia":[{"embeddable":true,"href":"https:\/\/www.europesays.com\/se\/wp-json\/wp\/v2\/media\/119144"}],"wp:attachment":[{"href":"https:\/\/www.europesays.com\/se\/wp-json\/wp\/v2\/media?parent=119143"}],"wp:term":[{"taxonomy":"category","embeddable":true,"href":"https:\/\/www.europesays.com\/se\/wp-json\/wp\/v2\/categories?post=119143"},{"taxonomy":"post_tag","embeddable":true,"href":"https:\/\/www.europesays.com\/se\/wp-json\/wp\/v2\/tags?post=119143"}],"curies":[{"name":"wp","href":"https:\/\/api.w.org\/{rel}","templated":true}]}}