{"id":119154,"date":"2025-12-28T10:23:11","date_gmt":"2025-12-28T10:23:11","guid":{"rendered":"https:\/\/www.europesays.com\/se\/119154\/"},"modified":"2025-12-28T10:23:11","modified_gmt":"2025-12-28T10:23:11","slug":"denise-rudberg-blev-erbjuden-toppjobb-i-new-york-tackade-nej","status":"publish","type":"post","link":"https:\/\/www.europesays.com\/se\/119154\/","title":{"rendered":"Denise Rudberg blev erbjuden toppjobb i New York \u2013 tackade nej"},"content":{"rendered":"<p>Publicerad 28 dec 2025 kl 11.03<\/p>\n<p>Denise Rudberg fick chansen att jobba med n\u00e5gra av v\u00e4rldens st\u00f6rsta stj\u00e4rnor p\u00e5 ett toppjobb i New York.<\/p>\n<p>Men hon tackade nej till erbjudandet.<\/p>\n<p>I sitt <a href=\"https:\/\/www.sverigesradio.se\/avsnitt\/denise-rudberg-vinterpratare-2025\" rel=\"nofollow noopener\" target=\"_blank\">vinterprat i Sveriges Radio<\/a> ber\u00e4ttar f\u00f6rfattaren om beslutet att satsa p\u00e5 skrivandet.<\/p>\n<p>Senaste klippen fr\u00e5n Expressen inom n\u00f6je.<img   alt=\"\"\/><\/p>\n<p>Madonna.<\/p>\n<p>Foto: JUSTIN LANE \/ EPA \/ TT \/ EPA TT NYHETSBYR\u00c5N<\/p>\n<p>\u00d6ppna bild i helsk\u00e4rm<img loading=\"lazy\"   alt=\"\"\/><\/p>\n<p>F\u00f6rfattaren Denise Rudberg.<\/p>\n<p>Foto: Mattias Ahlm \/ Sveriges Radio<\/p>\n<p>\u00d6ppna bild i helsk\u00e4rm<img loading=\"lazy\"   alt=\"\"\/><\/p>\n<p>Kylie Minogue.<\/p>\n<p>Foto: AWAIS, PACIFICCOASTNEWS.COM \/ STELLA PICTURES PACIFICCOASTNEWS.COM<\/p>\n<p>\u00d6ppna bild i helsk\u00e4rm<\/p>\n<p>Efter gymnasiet flyttade f\u00f6rfattaren <a href=\"https:\/\/www.expressen.se\/tagg\/person\/denise-rudberg\/\" class=\"\" rel=\"nofollow noopener\" target=\"_blank\">Denise Rudberg<\/a>, 54, till New York med sin d\u00e5varande pojkv\u00e4n.\u00a0<\/p>\n<p>Det var d\u00e4r, i \u201dthe land of opportunities\u201d, som hon b\u00f6rjade kalla sig sj\u00e4lv f\u00f6r f\u00f6rfattare.<\/p>\n<p>\u2013 N\u00e5gonting slog an i mig h\u00e4r. Det var som att med hela Atlanten mellan mig och Sverige s\u00e5 kunde jag g\u00f6ra det jag dr\u00f6mde om. Skrivandet k\u00e4ndes inte alls lika \u00f6vermodigt och \u00f6desdigert, s\u00e4ger hon i sitt vinterprat i Sveriges Radio.\u00a0<\/p>\n<p>I storstaden b\u00f6rjar hon ocks\u00e5 studera p\u00e5 New Yorks universitet (NYU). D\u00e4r pluggar hon bland annat filmproduktion och manusf\u00f6rfattande, och genom skolan f\u00e5r hon praktikplats p\u00e5 ett produktionsbolag.<\/p>\n<p>Bolaget g\u00f6r musikvideor, reklamfilmer, men representerar ocks\u00e5 regiss\u00f6rer och manusf\u00f6rfattare.<\/p>\n<p>\u2013 Ett av deras stora namn \u00e4r David Lynch och min chef \u00e4r hans producent, s\u00e4ger Rudberg i sitt vinterprat.<\/p>\n<p>Jobberbjudandet \u2013 med Madonna och Kylie Minogue<\/p>\n<p>P\u00e5 praktikplatsen g\u00e5r det bra och efter ett \u00e5rs praktik blir hon inkallad till cheferna Stephen Dickstein och Steve Golin. De meddelar att de vill anst\u00e4lla henne och ge henne ett green card.\u00a0<\/p>\n<p>\u2013 Allt detta \u00e4r ju en dr\u00f6m. Att bli erbjuden ett sinnessjukt creddigt jobb mitt p\u00e5 Manhattan och ett amerikanskt medborgarskap, f\u00e5 arbeta med artister som Mariah Carey, Madonna, Bj\u00f6rk, Kylie Minogue, s\u00e4ger Rudberg.\u00a0<\/p>\n<p>Men s\u00e5 fr\u00e5gar cheferna vad hon vill g\u00f6ra i framtiden \u2013 och hon svarar att hon vill skriva. De uppmuntrar henne att f\u00f6lja sin dr\u00f6m, men s\u00e4ger att de beh\u00f6ver ett besked om erbjudandet.\u00a0<\/p>\n<p>Denise Rudberg ringer sin pappa som inte tycker att valet \u00e4r sv\u00e5rt, det \u00e4r klart att dottern ska skriva. Den blivande f\u00f6rfattaren tackar nej till jobberbjudandet och flyttar hem till Sverige d\u00e4r hon f\u00e4rdigst\u00e4ller boken \u201dV\u00e4ninnan\u201d.\u00a0<\/p>\n","protected":false},"excerpt":{"rendered":"Publicerad 28 dec 2025 kl 11.03 Denise Rudberg fick chansen att jobba med n\u00e5gra av v\u00e4rldens st\u00f6rsta stj\u00e4rnor&hellip;\n","protected":false},"author":2,"featured_media":119155,"comment_status":"","ping_status":"","sticky":false,"template":"","format":"standard","meta":{"footnotes":""},"categories":[67],"tags":[104,3263,12734,12733,12731,12732,1308,34,31,33,32,30,402,1415,310,105],"class_list":{"0":"post-119154","1":"post","2":"type-post","3":"status-publish","4":"format-standard","5":"has-post-thumbnail","7":"category-underhallning","8":"tag-entertainment","9":"tag-location-new-york","10":"tag-person-bjork","11":"tag-person-david-lynch","12":"tag-person-denise-rudberg","13":"tag-person-kylie-minogue","14":"tag-person-madonna","15":"tag-se","16":"tag-svenska","17":"tag-sverige","18":"tag-sweden","19":"tag-swedish","20":"tag-topic-artister","21":"tag-topic-forfattare","22":"tag-topic-kandisar","23":"tag-underhallning"},"share_on_mastodon":{"url":"https:\/\/pubeurope.com\/@se\/115796705538676960","error":""},"_links":{"self":[{"href":"https:\/\/www.europesays.com\/se\/wp-json\/wp\/v2\/posts\/119154","targetHints":{"allow":["GET"]}}],"collection":[{"href":"https:\/\/www.europesays.com\/se\/wp-json\/wp\/v2\/posts"}],"about":[{"href":"https:\/\/www.europesays.com\/se\/wp-json\/wp\/v2\/types\/post"}],"author":[{"embeddable":true,"href":"https:\/\/www.europesays.com\/se\/wp-json\/wp\/v2\/users\/2"}],"replies":[{"embeddable":true,"href":"https:\/\/www.europesays.com\/se\/wp-json\/wp\/v2\/comments?post=119154"}],"version-history":[{"count":0,"href":"https:\/\/www.europesays.com\/se\/wp-json\/wp\/v2\/posts\/119154\/revisions"}],"wp:featuredmedia":[{"embeddable":true,"href":"https:\/\/www.europesays.com\/se\/wp-json\/wp\/v2\/media\/119155"}],"wp:attachment":[{"href":"https:\/\/www.europesays.com\/se\/wp-json\/wp\/v2\/media?parent=119154"}],"wp:term":[{"taxonomy":"category","embeddable":true,"href":"https:\/\/www.europesays.com\/se\/wp-json\/wp\/v2\/categories?post=119154"},{"taxonomy":"post_tag","embeddable":true,"href":"https:\/\/www.europesays.com\/se\/wp-json\/wp\/v2\/tags?post=119154"}],"curies":[{"name":"wp","href":"https:\/\/api.w.org\/{rel}","templated":true}]}}