{"id":119156,"date":"2025-12-28T10:26:33","date_gmt":"2025-12-28T10:26:33","guid":{"rendered":"https:\/\/www.europesays.com\/se\/119156\/"},"modified":"2025-12-28T10:26:33","modified_gmt":"2025-12-28T10:26:33","slug":"sodertalje-soldaten-domd-till-sju-ars-fangelse-lt","status":"publish","type":"post","link":"https:\/\/www.europesays.com\/se\/119156\/","title":{"rendered":"S\u00f6dert\u00e4lje-soldaten d\u00f6md till sju \u00e5rs f\u00e4ngelse \u2013 LT"},"content":{"rendered":"<p>S\u00f6dert\u00e4ljebon Christopher Forsb\u00e4ck har stridit f\u00f6r Ukraina i tre \u00e5r. <\/p>\n<p>Nu d\u00f6ms han av rysk milit\u00e4rdomstol till sju \u00e5rs f\u00e4ngelse och blir d\u00e4rmed internationellt efterlyst. <\/p>\n<p>\u2013 Ryssland vill att jag ska komma och ha lite obetald semester ett tag. F\u00f6r min del g\u00f6r det ingen st\u00f6rre skillnad, jag har inga planer p\u00e5 att avtj\u00e4na det h\u00e4r straffet, s\u00e4ger han till LT. <\/p>\n<p><img loading=\"lazy\" decoding=\"async\" width=\"980\" height=\"551\" class=\"article-image article-image--featured\" alt=\" Christopher Forsb\u00e4ck har d\u00f6mts till sju \u00e5rs f\u00e4ngelse och 20 \u00e5r i en straffkoloni med h\u00f6gsta s\u00e4kerhetsklass.\" src=\"https:\/\/www.europesays.com\/se\/wp-content\/uploads\/2025\/12\/7fd83314-846c-47c8-9a25-2909ec156983.jpeg\"  \/><a class=\"article__lightbox-link\" href=\"https:\/\/static.bonniernews.se\/ba\/7fd83314-846c-47c8-9a25-2909ec156983.jpeg?crop=3150%2C1772%2Cx0%2Cy164&amp;width=1400&amp;format=pjpg&amp;auto=avif\" data-pswp-width=\"1400\" data-pswp-height=\"788\" data-pswp-caption=\" Christopher Forsb\u00e4ck har d\u00f6mts till sju \u00e5rs f\u00e4ngelse och 20 \u00e5r i en straffkoloni med h\u00f6gsta s\u00e4kerhetsklass. Bild: Mattias Holgersson\" data-pswp- rel=\"nofollow noopener\" target=\"_blank\">\u00d6ppna bild i helsk\u00e4rmsl\u00e4ge<\/a><\/p>\n<p class=\"txt-style-muted\" aria-hidden=\"true\"> Christopher Forsb\u00e4ck har d\u00f6mts till sju \u00e5rs f\u00e4ngelse och 20 \u00e5r i en straffkoloni med h\u00f6gsta s\u00e4kerhetsklass.<\/p>\n<p class=\"article__figcaption-attribution txt-style-muted\">Bild: Mattias Holgersson<\/p>\n<p>Den tidigare H\u00f6l\u00f6bon Christopher Forsb\u00e4ck, numera skriven i S\u00f6dert\u00e4lje, har tj\u00e4nstgjort sedan mars 2022 nere i Ukraina och just nu befinner han sig Kiev. <\/p>\n<p>Tekniskt fel<\/p>\n<p class=\"message__text txt-ui txt-ui-2\">V\u00e4nligen f\u00f6rs\u00f6k igen senare.<\/p>\n<p>Den h\u00e4r artikeln \u00e4r bara f\u00f6r prenumeranter<\/p>\n<p class=\"txt-body txt-body-1\">Om du redan \u00e4r prenumerant: logga in!<\/p>\n","protected":false},"excerpt":{"rendered":"S\u00f6dert\u00e4ljebon Christopher Forsb\u00e4ck har stridit f\u00f6r Ukraina i tre \u00e5r. Nu d\u00f6ms han av rysk milit\u00e4rdomstol till sju&hellip;\n","protected":false},"author":2,"featured_media":119157,"comment_status":"","ping_status":"","sticky":false,"template":"","format":"standard","meta":{"footnotes":""},"categories":[14],"tags":[22,23,26,27,17,21,24,25,28,29,15,16,18,34,31,33,32,30,19,20,51,52,53,54],"class_list":{"0":"post-119156","1":"post","2":"type-post","3":"status-publish","4":"format-standard","5":"has-post-thumbnail","7":"category-varlden","8":"tag-breaking-news","9":"tag-breakingnews","10":"tag-featured-news","11":"tag-featurednews","12":"tag-headlines","13":"tag-huvudnyheter","14":"tag-latest-news","15":"tag-latestnews","16":"tag-main-news","17":"tag-mainnews","18":"tag-news","19":"tag-nyheter","20":"tag-rubriker","21":"tag-se","22":"tag-svenska","23":"tag-sverige","24":"tag-sweden","25":"tag-swedish","26":"tag-top-stories","27":"tag-topstories","28":"tag-varlden","29":"tag-world","30":"tag-world-news","31":"tag-worldnews"},"share_on_mastodon":{"url":"https:\/\/pubeurope.com\/@se\/115796717564578795","error":""},"_links":{"self":[{"href":"https:\/\/www.europesays.com\/se\/wp-json\/wp\/v2\/posts\/119156","targetHints":{"allow":["GET"]}}],"collection":[{"href":"https:\/\/www.europesays.com\/se\/wp-json\/wp\/v2\/posts"}],"about":[{"href":"https:\/\/www.europesays.com\/se\/wp-json\/wp\/v2\/types\/post"}],"author":[{"embeddable":true,"href":"https:\/\/www.europesays.com\/se\/wp-json\/wp\/v2\/users\/2"}],"replies":[{"embeddable":true,"href":"https:\/\/www.europesays.com\/se\/wp-json\/wp\/v2\/comments?post=119156"}],"version-history":[{"count":0,"href":"https:\/\/www.europesays.com\/se\/wp-json\/wp\/v2\/posts\/119156\/revisions"}],"wp:featuredmedia":[{"embeddable":true,"href":"https:\/\/www.europesays.com\/se\/wp-json\/wp\/v2\/media\/119157"}],"wp:attachment":[{"href":"https:\/\/www.europesays.com\/se\/wp-json\/wp\/v2\/media?parent=119156"}],"wp:term":[{"taxonomy":"category","embeddable":true,"href":"https:\/\/www.europesays.com\/se\/wp-json\/wp\/v2\/categories?post=119156"},{"taxonomy":"post_tag","embeddable":true,"href":"https:\/\/www.europesays.com\/se\/wp-json\/wp\/v2\/tags?post=119156"}],"curies":[{"name":"wp","href":"https:\/\/api.w.org\/{rel}","templated":true}]}}