{"id":119160,"date":"2025-12-28T10:28:08","date_gmt":"2025-12-28T10:28:08","guid":{"rendered":"https:\/\/www.europesays.com\/se\/119160\/"},"modified":"2025-12-28T10:28:08","modified_gmt":"2025-12-28T10:28:08","slug":"man-dod-i-trafikolycka-i-osteraker","status":"publish","type":"post","link":"https:\/\/www.europesays.com\/se\/119160\/","title":{"rendered":"Man d\u00f6d i trafikolycka i \u00d6ster\u00e5ker"},"content":{"rendered":"<p>En man i 20-\u00e5rs\u00e5ldern har d\u00f6tt efter en trafikolycka i Smedby i \u00d6ster\u00e5ker under s\u00f6ndagsmorgonen, skriver polisen p\u00e5 sin hemsida.<\/p>\n<p>Tre personer befann sig i bilen och samtliga f\u00f6rdes till sjukhus. En man i \u00f6vre ton\u00e5ren misst\u00e4nks f\u00f6r grovt v\u00e5llande till annans d\u00f6d, grovt v\u00e5llande till kroppskada, grov v\u00e5rdsl\u00f6shet i trafik, grovt ratfylleri under misst\u00e4nkt p\u00e5verkan av narkotika, samt ringa narkotikabrott.<\/p>\n<p>Omni \u00e4r politiskt obundna och oberoende. Vi str\u00e4var efter att ge fler perspektiv p\u00e5 nyheterna. Har du fr\u00e5gor eller synpunkter kring v\u00e5r rapportering? <a href=\"https:\/\/omni.se\/man-dod-i-trafikolycka-i-osteraker\/a\/mailto:redaktion@omni.se\" class=\"ArticleActions_contactLink__W2F1M\" rel=\"nofollow noopener\" target=\"_blank\">Kontakta redaktionen<\/a><\/p>\n","protected":false},"excerpt":{"rendered":"En man i 20-\u00e5rs\u00e5ldern har d\u00f6tt efter en trafikolycka i Smedby i \u00d6ster\u00e5ker under s\u00f6ndagsmorgonen, skriver polisen p\u00e5&hellip;\n","protected":false},"author":2,"featured_media":119161,"comment_status":"","ping_status":"","sticky":false,"template":"","format":"standard","meta":{"footnotes":""},"categories":[5],"tags":[22,23,128,26,27,17,21,24,25,28,29,15,16,12735,18,34,127,31,33,32,30,19,20],"class_list":{"0":"post-119160","1":"post","2":"type-post","3":"status-publish","4":"format-standard","5":"has-post-thumbnail","7":"category-rubriker","8":"tag-breaking-news","9":"tag-breakingnews","10":"tag-brott","11":"tag-featured-news","12":"tag-featurednews","13":"tag-headlines","14":"tag-huvudnyheter","15":"tag-latest-news","16":"tag-latestnews","17":"tag-main-news","18":"tag-mainnews","19":"tag-news","20":"tag-nyheter","21":"tag-osteraker","22":"tag-rubriker","23":"tag-se","24":"tag-stockholms-lan","25":"tag-svenska","26":"tag-sverige","27":"tag-sweden","28":"tag-swedish","29":"tag-top-stories","30":"tag-topstories"},"share_on_mastodon":{"url":"https:\/\/pubeurope.com\/@se\/115796725152950481","error":""},"_links":{"self":[{"href":"https:\/\/www.europesays.com\/se\/wp-json\/wp\/v2\/posts\/119160","targetHints":{"allow":["GET"]}}],"collection":[{"href":"https:\/\/www.europesays.com\/se\/wp-json\/wp\/v2\/posts"}],"about":[{"href":"https:\/\/www.europesays.com\/se\/wp-json\/wp\/v2\/types\/post"}],"author":[{"embeddable":true,"href":"https:\/\/www.europesays.com\/se\/wp-json\/wp\/v2\/users\/2"}],"replies":[{"embeddable":true,"href":"https:\/\/www.europesays.com\/se\/wp-json\/wp\/v2\/comments?post=119160"}],"version-history":[{"count":0,"href":"https:\/\/www.europesays.com\/se\/wp-json\/wp\/v2\/posts\/119160\/revisions"}],"wp:featuredmedia":[{"embeddable":true,"href":"https:\/\/www.europesays.com\/se\/wp-json\/wp\/v2\/media\/119161"}],"wp:attachment":[{"href":"https:\/\/www.europesays.com\/se\/wp-json\/wp\/v2\/media?parent=119160"}],"wp:term":[{"taxonomy":"category","embeddable":true,"href":"https:\/\/www.europesays.com\/se\/wp-json\/wp\/v2\/categories?post=119160"},{"taxonomy":"post_tag","embeddable":true,"href":"https:\/\/www.europesays.com\/se\/wp-json\/wp\/v2\/tags?post=119160"}],"curies":[{"name":"wp","href":"https:\/\/api.w.org\/{rel}","templated":true}]}}