{"id":119162,"date":"2025-12-28T10:30:15","date_gmt":"2025-12-28T10:30:15","guid":{"rendered":"https:\/\/www.europesays.com\/se\/119162\/"},"modified":"2025-12-28T10:30:15","modified_gmt":"2025-12-28T10:30:15","slug":"juni-arnekleiv-om-sorgen-efter-sivert-guttorm-bakken-chockbesked","status":"publish","type":"post","link":"https:\/\/www.europesays.com\/se\/119162\/","title":{"rendered":"Juni Arnekleiv om sorgen efter Sivert Guttorm Bakken: \u201dChockbesked\u201d"},"content":{"rendered":"<p>Publicerad 28 dec 2025 kl 07.21Uppdaterad kl 07.30<\/p>\n<p>Juni Arnekleiv, 26, var tidigare tillsammans med Sivert Guttorm Bakken.<\/p>\n<p>Nu vill hon hedra honom i t\u00e4vlingssp\u00e5ret efter hans d\u00f6d.<\/p>\n<p>\u2013 Det \u00e4r vad han hade velat, s\u00e4ger hon till <a href=\"https:\/\/www.nrk.no\/sport\/skiskyting_-juni-arnekleiv-vil-hedre-avdode-sivert-guttorm-bakken-1.17706612\" rel=\"nofollow noopener\" target=\"_blank\">NRK<\/a>.<\/p>\n<p><img loading=\"lazy\"   alt=\"\"\/><\/p>\n<p>Juni Arnekleiv, har haft ett f\u00f6rh\u00e5llande med Bakken<\/p>\n<p>Foto: MATHIAS BERGELD \/ BILDBYR\u00c5N<\/p>\n<p>\u00d6ppna bild i helsk\u00e4rm<img loading=\"lazy\"   alt=\"\"\/><\/p>\n<p>Sivert Guttorm Bakkens d\u00f6d har skakat om skidv\u00e4rlden.<\/p>\n<p>Foto: IMAGO\/HARALD DEUBERT \/ IMAGO\/HARALD DEUBERT WWW.IMAGO-IMAGES.DE<\/p>\n<p>\u00d6ppna bild i helsk\u00e4rm<img loading=\"lazy\"   alt=\"\"\/><\/p>\n<p>Sivert Guttorm Bakken och Juni Arnekleiv.<\/p>\n<p>Foto: Geir Olsen \/ TT NYHETSBYR\u00c5N<\/p>\n<p>\u00d6ppna bild i helsk\u00e4rmArtikeln i korthet<\/p>\n<p>\u2022 Sivert Guttorm Bakken avled dagen f\u00f6r julafton och sedan dess har f\u00e5 idrottare uttalat sig om skidskyttens d\u00f6d.<\/p>\n<p>\u2022 Nu ber\u00e4ttar hans tidigare flickv\u00e4n, Juni Arnekleiv som \u00e4ven hon \u00e4r landslagsskidskytt, om sorgen.<\/p>\n<p>\u2022 Guttorm Bakken kommer nu \u00e4ven att hyllas n\u00e4r Arnekleiv t\u00e4vlar igen under s\u00f6ndagen.<\/p>\n<p>Visa mer<\/p>\n<p>Det var dagen f\u00f6re julafton som den norske skidskytten Sivert Guttorm Bakken hittades d\u00f6d p\u00e5 sitt hotellrum i Italien. D\u00e4refter har f\u00e5 aktiva uttalat sig om 27-\u00e5ringens d\u00f6d.<\/p>\n<p>Men Juni Arnekleiv var tillsammans med Sivert Guttorm Bakken fram till 2024 och under s\u00f6ndagen t\u00e4vlar Arnekleiv f\u00f6r f\u00f6rsta g\u00e5ngen sedan hans bortg\u00e5ng.<\/p>\n<p>Detta under en uppvisningst\u00e4vling i tyska Gelsenkirchen, en t\u00e4vling som avg\u00f6rs p\u00e5 fotbollsklubben Schalke 04:s hemmaarena.<\/p>\n<p>\u2013 Det har varit en v\u00e4ldigt annorlunda och trist jul efter att vi fick beskedet att Sivert hittats d\u00f6d p\u00e5 sitt rum i Lavaz\u00e8. Det \u00e4r ett chockbesked som jag inte klarar av att ta in, s\u00e4ger hon till <a href=\"https:\/\/www.nrk.no\/sport\/skiskyting_-juni-arnekleiv-vil-hedre-avdode-sivert-guttorm-bakken-1.17706612\" rel=\"nofollow noopener\" target=\"_blank\">NRK<\/a> och forts\u00e4tter:<\/p>\n<p>\u2013 Jag m\u00e5ste bara ta det tag f\u00f6r dag. Det \u00e4r om\u00f6jligt att f\u00f6rebreda sig p\u00e5 hur kroppen kommer att reagera fram\u00f6ver. Oavsett om det \u00e4r tr\u00e4ning, t\u00e4vling eller n\u00e4r jag kommer tillbaka till vardagen i Lillehammer.<\/p>\n<p>S\u00e5 hedras Sivert Guttorm Bakken<\/p>\n<p>Arnekleiv har valt att t\u00e4vla f\u00f6r Norge ihop med Mats \u00d6vreby, trots h\u00e4ndelsen. Bland annat f\u00f6r att hedra Sivert Guttorm Bakken. T\u00e4vlingsledningen har \u00e4ven bekr\u00e4ftat att en tyst minut kommer att h\u00e5llas i Sivert Guttorm Bakkens minne.<\/p>\n<p>\u2013 Vi funderade p\u00e5 om vi skulle st\u00e5 \u00f6ver, men vi st\u00e4mde b\u00e5da in i att Sivert var en som aldrig gav sig och alltid gjorde det han kunde f\u00f6r att g\u00f6ra bra t\u00e4vlingar. Vi vill hedra och minnas den engagerade och fantastiska person han var. Det \u00e4r vad Sivert hade velat, s\u00e4ger Arnekleiv.<\/p>\n<p>Bakken hittades d\u00f6d p\u00e5 1 800 meters h\u00f6jd i sitt hotellrum if\u00f6rd en h\u00f6gh\u00f6jdsmask. Enligt uppgifter till VG var den inst\u00e4lld p\u00e5 7 000 meter \u00f6ver havet, n\u00e5got som skulle inneb\u00e4ra att luften han andades inneh\u00f6ll v\u00e4ldigt lite syre. Det \u00e4r dock varken klarlagt hur skidskytten avlidit eller hur h\u00f6gh\u00f6jdsmasken var inst\u00e4lld.\u00a0<\/p>\n<p>Polisutredningen fortg\u00e5r och obduktionen genomf\u00f6rs under helgen.<\/p>\n","protected":false},"excerpt":{"rendered":"Publicerad 28 dec 2025 kl 07.21Uppdaterad kl 07.30 Juni Arnekleiv, 26, var tidigare tillsammans med Sivert Guttorm Bakken.&hellip;\n","protected":false},"author":2,"featured_media":119163,"comment_status":"","ping_status":"","sticky":false,"template":"","format":"standard","meta":{"footnotes":""},"categories":[68],"tags":[34,945,111,110,31,33,32,30],"class_list":{"0":"post-119162","1":"post","2":"type-post","3":"status-publish","4":"format-standard","5":"has-post-thumbnail","7":"category-sport","8":"tag-se","9":"tag-sections-skidskytte","10":"tag-sport","11":"tag-sports","12":"tag-svenska","13":"tag-sverige","14":"tag-sweden","15":"tag-swedish"},"share_on_mastodon":{"url":"https:\/\/pubeurope.com\/@se\/115796733156441443","error":""},"_links":{"self":[{"href":"https:\/\/www.europesays.com\/se\/wp-json\/wp\/v2\/posts\/119162","targetHints":{"allow":["GET"]}}],"collection":[{"href":"https:\/\/www.europesays.com\/se\/wp-json\/wp\/v2\/posts"}],"about":[{"href":"https:\/\/www.europesays.com\/se\/wp-json\/wp\/v2\/types\/post"}],"author":[{"embeddable":true,"href":"https:\/\/www.europesays.com\/se\/wp-json\/wp\/v2\/users\/2"}],"replies":[{"embeddable":true,"href":"https:\/\/www.europesays.com\/se\/wp-json\/wp\/v2\/comments?post=119162"}],"version-history":[{"count":0,"href":"https:\/\/www.europesays.com\/se\/wp-json\/wp\/v2\/posts\/119162\/revisions"}],"wp:featuredmedia":[{"embeddable":true,"href":"https:\/\/www.europesays.com\/se\/wp-json\/wp\/v2\/media\/119163"}],"wp:attachment":[{"href":"https:\/\/www.europesays.com\/se\/wp-json\/wp\/v2\/media?parent=119162"}],"wp:term":[{"taxonomy":"category","embeddable":true,"href":"https:\/\/www.europesays.com\/se\/wp-json\/wp\/v2\/categories?post=119162"},{"taxonomy":"post_tag","embeddable":true,"href":"https:\/\/www.europesays.com\/se\/wp-json\/wp\/v2\/tags?post=119162"}],"curies":[{"name":"wp","href":"https:\/\/api.w.org\/{rel}","templated":true}]}}