{"id":119165,"date":"2025-12-28T10:35:16","date_gmt":"2025-12-28T10:35:16","guid":{"rendered":"https:\/\/www.europesays.com\/se\/119165\/"},"modified":"2025-12-28T10:35:16","modified_gmt":"2025-12-28T10:35:16","slug":"hesa-fredrik-ljod-i-gavle-inget-misstag","status":"publish","type":"post","link":"https:\/\/www.europesays.com\/se\/119165\/","title":{"rendered":"Hesa Fredrik lj\u00f6d i G\u00e4vle: \u201dInget misstag\u201d"},"content":{"rendered":"<p>Hesa Fredrik lj\u00f6d \u00f6ver G\u00e4vle under l\u00f6rdagen i samband med ett VMA i sp\u00e5ren av stormen Johannes. <\/p>\n<p>Trafikverket meddelade f\u00f6rst att larmet gick ig\u00e5ng \u201dav n\u00e5gon mystisk anledning\u201d, men s\u00e4ger nu att det inte r\u00f6rde sig om n\u00e5got misstag, rapporterar SVT G\u00e4vleborg.<\/p>\n<p>\u2013 Det \u00e4r inget missf\u00f6rst\u00e5nd utan det \u00e4r vad Trafikverket hade beg\u00e4rt, att det skulle vara tyfon som det kallas, Hesa Fredrik d\u00e5. Det var en del av VMA:t, s\u00e4ger Elin Sarfati, presskommunikat\u00f6r p\u00e5 Trafikverket.<\/p>\n<p>Omni \u00e4r politiskt obundna och oberoende. Vi str\u00e4var efter att ge fler perspektiv p\u00e5 nyheterna. Har du fr\u00e5gor eller synpunkter kring v\u00e5r rapportering? <a href=\"https:\/\/omni.se\/hesa-fredrik-ljod-i-gavle-inget-misstag\/a\/mailto:redaktion@omni.se\" class=\"ArticleActions_contactLink__W2F1M\" rel=\"nofollow noopener\" target=\"_blank\">Kontakta redaktionen<\/a><\/p>\n","protected":false},"excerpt":{"rendered":"Hesa Fredrik lj\u00f6d \u00f6ver G\u00e4vle under l\u00f6rdagen i samband med ett VMA i sp\u00e5ren av stormen Johannes. Trafikverket&hellip;\n","protected":false},"author":2,"featured_media":119166,"comment_status":"","ping_status":"","sticky":false,"template":"","format":"standard","meta":{"footnotes":""},"categories":[12],"tags":[22,23,26,27,817,818,17,21,24,25,28,29,15,16,18,34,31,33,32,30,19,20,1841,693],"class_list":{"0":"post-119165","1":"post","2":"type-post","3":"status-publish","4":"format-standard","5":"has-post-thumbnail","7":"category-sverige","8":"tag-breaking-news","9":"tag-breakingnews","10":"tag-featured-news","11":"tag-featurednews","12":"tag-gavle","13":"tag-gavleborgs-lan","14":"tag-headlines","15":"tag-huvudnyheter","16":"tag-latest-news","17":"tag-latestnews","18":"tag-main-news","19":"tag-mainnews","20":"tag-news","21":"tag-nyheter","22":"tag-rubriker","23":"tag-se","24":"tag-svenska","25":"tag-sverige","26":"tag-sweden","27":"tag-swedish","28":"tag-top-stories","29":"tag-topstories","30":"tag-trafikverket","31":"tag-vader"},"share_on_mastodon":{"url":"https:\/\/pubeurope.com\/@se\/115796752682210237","error":""},"_links":{"self":[{"href":"https:\/\/www.europesays.com\/se\/wp-json\/wp\/v2\/posts\/119165","targetHints":{"allow":["GET"]}}],"collection":[{"href":"https:\/\/www.europesays.com\/se\/wp-json\/wp\/v2\/posts"}],"about":[{"href":"https:\/\/www.europesays.com\/se\/wp-json\/wp\/v2\/types\/post"}],"author":[{"embeddable":true,"href":"https:\/\/www.europesays.com\/se\/wp-json\/wp\/v2\/users\/2"}],"replies":[{"embeddable":true,"href":"https:\/\/www.europesays.com\/se\/wp-json\/wp\/v2\/comments?post=119165"}],"version-history":[{"count":0,"href":"https:\/\/www.europesays.com\/se\/wp-json\/wp\/v2\/posts\/119165\/revisions"}],"wp:featuredmedia":[{"embeddable":true,"href":"https:\/\/www.europesays.com\/se\/wp-json\/wp\/v2\/media\/119166"}],"wp:attachment":[{"href":"https:\/\/www.europesays.com\/se\/wp-json\/wp\/v2\/media?parent=119165"}],"wp:term":[{"taxonomy":"category","embeddable":true,"href":"https:\/\/www.europesays.com\/se\/wp-json\/wp\/v2\/categories?post=119165"},{"taxonomy":"post_tag","embeddable":true,"href":"https:\/\/www.europesays.com\/se\/wp-json\/wp\/v2\/tags?post=119165"}],"curies":[{"name":"wp","href":"https:\/\/api.w.org\/{rel}","templated":true}]}}