{"id":119184,"date":"2025-12-28T11:17:22","date_gmt":"2025-12-28T11:17:22","guid":{"rendered":"https:\/\/www.europesays.com\/se\/119184\/"},"modified":"2025-12-28T11:17:22","modified_gmt":"2025-12-28T11:17:22","slug":"misstankt-skottlossning-mot-flerfamiljshus-i-malmo","status":"publish","type":"post","link":"https:\/\/www.europesays.com\/se\/119184\/","title":{"rendered":"Misst\u00e4nkt skottlossning mot flerfamiljshus i Malm\u00f6"},"content":{"rendered":"<p>Under l\u00f6rdagen larmades polisen till Lindeborg i Malm\u00f6 efter att flera personer skjutit fyrverkerier mot bilar, rapporterar flera medier.<\/p>\n<p>V\u00e4l p\u00e5 plats antr\u00e4ffades misst\u00e4nkta skotth\u00e5l i en port till ett flerfamiljshus.<\/p>\n<p>Ingen person har gripits och en anm\u00e4lan om skadeg\u00f6relse samt grovt vapenbrott har uppr\u00e4ttats.<\/p>\n<p>Omni \u00e4r politiskt obundna och oberoende. Vi str\u00e4var efter att ge fler perspektiv p\u00e5 nyheterna. Har du fr\u00e5gor eller synpunkter kring v\u00e5r rapportering? <a href=\"https:\/\/omni.se\/misstankt-skottlossning-mot-flerfamiljshus-i-malmo\/a\/mailto:redaktion@omni.se\" class=\"ArticleActions_contactLink__W2F1M\" rel=\"nofollow noopener\" target=\"_blank\">Kontakta redaktionen<\/a><\/p>\n","protected":false},"excerpt":{"rendered":"Under l\u00f6rdagen larmades polisen till Lindeborg i Malm\u00f6 efter att flera personer skjutit fyrverkerier mot bilar, rapporterar flera&hellip;\n","protected":false},"author":2,"featured_media":119185,"comment_status":"","ping_status":"","sticky":false,"template":"","format":"standard","meta":{"footnotes":""},"categories":[5],"tags":[22,23,128,26,27,17,21,24,25,28,29,417,15,16,18,34,389,31,33,32,30,19,20],"class_list":{"0":"post-119184","1":"post","2":"type-post","3":"status-publish","4":"format-standard","5":"has-post-thumbnail","7":"category-rubriker","8":"tag-breaking-news","9":"tag-breakingnews","10":"tag-brott","11":"tag-featured-news","12":"tag-featurednews","13":"tag-headlines","14":"tag-huvudnyheter","15":"tag-latest-news","16":"tag-latestnews","17":"tag-main-news","18":"tag-mainnews","19":"tag-malmo","20":"tag-news","21":"tag-nyheter","22":"tag-rubriker","23":"tag-se","24":"tag-skane-lan","25":"tag-svenska","26":"tag-sverige","27":"tag-sweden","28":"tag-swedish","29":"tag-top-stories","30":"tag-topstories"},"share_on_mastodon":{"url":"https:\/\/pubeurope.com\/@se\/115796917807147595","error":""},"_links":{"self":[{"href":"https:\/\/www.europesays.com\/se\/wp-json\/wp\/v2\/posts\/119184","targetHints":{"allow":["GET"]}}],"collection":[{"href":"https:\/\/www.europesays.com\/se\/wp-json\/wp\/v2\/posts"}],"about":[{"href":"https:\/\/www.europesays.com\/se\/wp-json\/wp\/v2\/types\/post"}],"author":[{"embeddable":true,"href":"https:\/\/www.europesays.com\/se\/wp-json\/wp\/v2\/users\/2"}],"replies":[{"embeddable":true,"href":"https:\/\/www.europesays.com\/se\/wp-json\/wp\/v2\/comments?post=119184"}],"version-history":[{"count":0,"href":"https:\/\/www.europesays.com\/se\/wp-json\/wp\/v2\/posts\/119184\/revisions"}],"wp:featuredmedia":[{"embeddable":true,"href":"https:\/\/www.europesays.com\/se\/wp-json\/wp\/v2\/media\/119185"}],"wp:attachment":[{"href":"https:\/\/www.europesays.com\/se\/wp-json\/wp\/v2\/media?parent=119184"}],"wp:term":[{"taxonomy":"category","embeddable":true,"href":"https:\/\/www.europesays.com\/se\/wp-json\/wp\/v2\/categories?post=119184"},{"taxonomy":"post_tag","embeddable":true,"href":"https:\/\/www.europesays.com\/se\/wp-json\/wp\/v2\/tags?post=119184"}],"curies":[{"name":"wp","href":"https:\/\/api.w.org\/{rel}","templated":true}]}}