{"id":119188,"date":"2025-12-28T11:22:09","date_gmt":"2025-12-28T11:22:09","guid":{"rendered":"https:\/\/www.europesays.com\/se\/119188\/"},"modified":"2025-12-28T11:22:09","modified_gmt":"2025-12-28T11:22:09","slug":"lia-larsson-fiaskot-fick-stort-genomslag","status":"publish","type":"post","link":"https:\/\/www.europesays.com\/se\/119188\/","title":{"rendered":"Lia Larsson-fiaskot fick stort genomslag"},"content":{"rendered":"<p><strong>10. <\/strong><a href=\"https:\/\/www.vimmerbytidning.se\/story-nyheter\/hultsfred\/artikel\/lantbrukare-begarde-mejeriet-i-konkurs-far-inga-pengar-tufft\/rx7e3w8l\" router-link=\"\/story-nyheter\/hultsfred\/artikel\/lantbrukare-begarde-mejeriet-i-konkurs-far-inga-pengar-tufft\/rx7e3w8l\" title=\"Lantbrukare f\u00e5r inga pengar efter konkursen: &quot;Tufft&quot;\" rel=\"nofollow noopener\" target=\"_blank\"><strong>Lantbrukare f\u00e5r inga pengar efter konkursen: &#8221;Tufft&#8221;<\/strong><\/a><\/p>\n<p>Tidigare i \u00e5r, i maj, pratade vi med Albert och Pernilla Ekstrand som driver lantbruksf\u00f6retaget Harshults lantbruk, i Bra\u00e5s i V\u00e4xj\u00f6 kommun, som levererade mj\u00f6lk till Em\u00e5mejeriet i \u00f6ver fyra \u00e5rs tid.<\/p>\n<p>De beg\u00e4rde senare mejeriet i konkurs p\u00e5 grund av obetalda skulder f\u00f6r mj\u00f6lkleveranser p\u00e5 n\u00e4rmare 700\u00a0000 kronor.<\/p>\n<p>Men trots de obetalda skulderna och att det var de som beg\u00e4rde mejeriet i konkurs fick de inga pengar fr\u00e5n konkursboet, <a href=\"https:\/\/www.vimmerbytidning.se\/nyheter\/hultsfred\/artikel\/de-far-utdelning-i-mejeriets-konkurs-gar-inte-att-vara-bitter\/rmp9ky8r\" router-link=\"\/nyheter\/hultsfred\/artikel\/de-far-utdelning-i-mejeriets-konkurs-gar-inte-att-vara-bitter\/rmp9ky8r\" title=\"vilket stod klart i b\u00f6rjan av september\" rel=\"nofollow noopener\" target=\"_blank\">vilket stod klart i b\u00f6rjan av september<\/a>.<\/p>\n<p>Efter Em\u00e5mejeriets konkurs f\u00f6reslogs n\u00e4mligen pengarna fr\u00e5n konkursboet att delas upp enligt f\u00f6ljande: 4,1 miljoner kronor till banken, 664\u00a0000 till konkursf\u00f6rvaltaren och knappt 100\u00a0000 till revisorn och en redovisningskonsult.<\/p>\n<p>I artikeln, som m\u00e5nga av er fann intressant, pratade vi \u00e4ven med konkursf\u00f6rvaltaren i \u00e4rendet, Kalmaradvokaten Erik M Gabrielsson, om varf\u00f6r pengarna prioriterades som de gjorde.<\/p>\n<p><strong>9. <\/strong><a href=\"https:\/\/www.vimmerbytidning.se\/nyheter\/hultsfred\/artikel\/extraknack-pa-sommaren-han-plockar-och-saljer-blabar\/lwone47j\" router-link=\"\/nyheter\/hultsfred\/artikel\/extraknack-pa-sommaren-han-plockar-och-saljer-blabar\/lwone47j\" title=\"Extrakn\u00e4ck p\u00e5 sommaren \u2013 han plockar och s\u00e4ljer bl\u00e5b\u00e4r\" rel=\"nofollow noopener\" target=\"_blank\"><strong>Extrakn\u00e4ck p\u00e5 sommaren \u2013 han plockar och s\u00e4ljer bl\u00e5b\u00e4r<\/strong><\/a><\/p>\n<p>I somras tr\u00e4ffade vi Ali Mohammad Nazari, som d\u00e5 jobbade heltid inom hemtj\u00e4nsten, och pratade med honom hans extrakn\u00e4ck med att plocka och s\u00e4lja bl\u00e5b\u00e4r under namnet &#8221;Mr Bl\u00e5b\u00e4r&#8221;.<\/p>\n<p>I tv\u00e5 \u00e5r har han tillbringat n\u00e5gra lediga f\u00f6rmiddagar i veckan med att plocka bl\u00e5b\u00e4r, som han sedan s\u00e4ljer via sin hemsida och sociala medier. En bra dag plockar han ihop 36 liter p\u00e5 n\u00e5gra timmar, men n\u00e4r vi tr\u00e4ffade honom var de tv\u00e5 metallhinkarna inte helt fyllda.<\/p>\n<p>\u2013 F\u00f6rra \u00e5ret var det helt svart h\u00e4r av bl\u00e5b\u00e4r, men nu \u00e4r det inte s\u00e5 bra. Det beh\u00f6vs mer regn, tror jag. I \u00e5r var det lite f\u00f6r kallt.<\/p>\n<p>Ali Mohammad Nazari kom till Sverige fr\u00e5n Afghanistan 2015, och bor nu i Hultsfred med sin fru och deras ett\u00e5riga son.<\/p>\n<p>\u2013 Jag har f\u00e5tt mycket hj\u00e4lp av svenskarna sedan jag kom till Sverige. Jag f\u00f6rs\u00f6ker ge tillbaka p\u00e5 olika s\u00e4tt. Det \u00e4r m\u00e5nga som inte har m\u00f6jligheter att ta sig ut i skogen och har det tufft ekonomiskt. Till dem som har l\u00e5g inkomst ger jag ofta bort b\u00e4r gratis.<\/p>\n<p>Till Vimmerby Tidning ber\u00e4ttade Ali att han hade planer p\u00e5 att sluta inom hemtj\u00e4nsten och b\u00f6rja studera till socialpedagog. Men b\u00e4rplockningen kommer han att forts\u00e4tta med vid sidan av.<\/p>\n<p><strong>8. <\/strong><a href=\"https:\/\/www.vimmerbytidning.se\/nyheter\/vimmerby\/artikel\/frack-man-lurade-butiker-men-har-tog-det-stopp-han-ar-okand\/rx7x6vgl\" router-link=\"\/nyheter\/vimmerby\/artikel\/frack-man-lurade-butiker-men-har-tog-det-stopp-han-ar-okand\/rx7x6vgl\" title=\"Fr\u00e4ck man lurade butiker \u2013 men h\u00e4r tog det stopp: &quot;Han \u00e4r \u00f6k\u00e4nd&quot;\" rel=\"nofollow noopener\" target=\"_blank\"><strong>Fr\u00e4ck man lurade butiker \u2013 men h\u00e4r tog det stopp: &#8221;Han \u00e4r \u00f6k\u00e4nd&#8221;<\/strong><\/a><\/p>\n<p><img decoding=\"async\" style=\"width: 100%; aspect-ratio: 16 \/ 9 auto;\" src=\"https:\/\/www.europesays.com\/se\/wp-content\/uploads\/2025\/12\/8a0613ff-fbcf-48e7-9b83-079e790c3d2f\" alt=\"En fr\u00e4ck bedragare lyckades lura flera butiker i september. Men p\u00e5 \u00d6oB i Vimmerby tog det stopp. P\u00e5 bilden butikschef H\u00e5kan Ericsson.\" class=\"\" loading=\"lazy\" fetchpriority=\"auto\"\/><\/p>\n<p>En fr\u00e4ck bedragare lyckades lura flera butiker i september. Men p\u00e5 \u00d6oB i Vimmerby tog det stopp. P\u00e5 bilden butikschef H\u00e5kan Ericsson.<\/p>\n<p>Foto: Jenn Hultberg<\/p>\n<p>I september h\u00e4rjade det en fr\u00e4ck bedragare i trakten, som lurade till sig pengar i olika butiker.<\/p>\n<p>F\u00f6rst drabbades Willys i Hultsfred. D\u00e4r gick den misst\u00e4nkte mannen fram till kassan och sa att han hade pratat med butikschefen om ett djurfoder som han hade k\u00f6pt. Produkten h\u00f6ll inte r\u00e4tt kvalit\u00e9, och d\u00e4rf\u00f6r skulle han f\u00e5 pengarna tillbaka.<\/p>\n<p>S\u00e5 blev det.<\/p>\n<p>Mannen fick som \u00f6nskat 1\u00a0400 kronor och l\u00e4mnade butiken \u2013 trots att han inte hade n\u00e5got kvitto.<\/p>\n<p>\u2013 Efter\u00e5t kom det fram att han inte alls hade pratat med butikschefen. Det st\u00e4mde inte \u00f6verhuvudtaget, sa Hampus Haag vid polisen.<\/p>\n<p>Senare utsattes blomsteraff\u00e4ren Hagelins i Vimmerby f\u00f6r ett liknande bedr\u00e4geri. I det fallet gick det fram en ok\u00e4nd man till kassan och sa att han ville ha tillbaka 700 kronor f\u00f6r gr\u00e4sfr\u00f6n som inte fungerade.<\/p>\n<p>\u2013 N\u00e4r personalen fr\u00e5gade efter kvittot blev mannen aggressiv och v\u00e4grade l\u00e4mna butiken. Till slut fick han cirka 700 kronor och gick d\u00e4rifr\u00e5n.<\/p>\n<p>Vimmerby Tidning kunde d\u00e5 ber\u00e4tta att samma g\u00e4rningsmannen troligen bes\u00f6kte \u00d6oB i Vimmerby. Men d\u00e4r tog det stopp eftersom personalen var p\u00e5 t\u00e5.<\/p>\n<p>Precis som tidigare f\u00f6rs\u00f6kte g\u00e4rningspersonen vilseleda och manipulera personalen. Mannen \u00e4r enligt butikschefen H\u00e5kan Ericsson p\u00e5 radarn hos flera butikschefer inom \u00d6oB.<\/p>\n<p>\u2013 Han har tydligen h\u00e5llit p\u00e5 s\u00e5 h\u00e4r i 10-15 \u00e5r, runt om i hela Sverige. Han \u00e4r \u00f6k\u00e4nd.<\/p>\n<p>Att mannens bedr\u00e4gerier fick ett stopp verkar ni ha uppskattat, d\u00e5 artikeln letade sig in p\u00e5 topp tio mest l\u00e4sta.<\/p>\n<p><strong>7. <\/strong><a href=\"https:\/\/www.vimmerbytidning.se\/nyheter\/vimmerby\/artikel\/jattebud-pa-dromstugan-hojde-med-en-halv-miljon\/r90xezxr\" router-link=\"\/nyheter\/vimmerby\/artikel\/jattebud-pa-dromstugan-hojde-med-en-halv-miljon\/r90xezxr\" title=\"J\u00e4ttebud p\u00e5 dr\u00f6mstugan \u2013 h\u00f6jde med en halv miljon\" rel=\"nofollow noopener\" target=\"_blank\"><strong>J\u00e4ttebud p\u00e5 dr\u00f6mstugan \u2013 h\u00f6jde med en halv miljon<\/strong><\/a><\/p>\n<p>N\u00e4r vi i slutet av juni scannade av fastighetsmarknaden var det ett objekt som stack ut lite extra.<\/p>\n<p>Redan f\u00f6rre visningen hade det 66 kvadratmeter stora fritidshuset, med frist\u00e5ende bastubyggnad, precis vid sj\u00f6n Solnen mellan Vimmerby och Tuna f\u00e5tt m\u00e5nga \u00f6gon p\u00e5 sig.<\/p>\n<p>Utg\u00e5ngspriset var satt till cirka 2,5 miljoner kronor, men redan innan de ordinarie visningarna hade det kommit in ett bud p\u00e5 tre miljoner kronor. Det var ocks\u00e5 vad slutpriset sedan landade p\u00e5.<\/p>\n<p><strong>6. <\/strong><a href=\"https:\/\/www.vimmerbytidning.se\/nyheter\/sodra-vi\/artikel\/publikfiasko-pa-pumpen-nastan-tomt-i-lokalen-nar-stjarnan-sjong\/jp2vgxmr\" router-link=\"\/nyheter\/sodra-vi\/artikel\/publikfiasko-pa-pumpen-nastan-tomt-i-lokalen-nar-stjarnan-sjong\/jp2vgxmr\" title=\"Lia Larsson p\u00e5 Pumpen blev publikfiasko\" rel=\"nofollow noopener\" target=\"_blank\"><strong>Lia Larsson p\u00e5 Pumpen blev publikfiasko<\/strong><\/a><\/p>\n<p><img decoding=\"async\" style=\"width: 100%; aspect-ratio: 16 \/ 9 auto;\" src=\"https:\/\/www.europesays.com\/se\/wp-content\/uploads\/2025\/12\/1d3dc6ef-c6e2-4a15-bd22-c7044e8d32e0\" alt=\"N\u00e4r Lia Larsson bes\u00f6kte Pumpen i S\u00f6dra Vi testade arrang\u00f6rerna ett nytt grepp med fokus p\u00e5 m\u00e5lgruppen 13-17 \u00e5r. Det gick inte alls hem.\" class=\"\" loading=\"lazy\" fetchpriority=\"auto\"\/><\/p>\n<p>N\u00e4r Lia Larsson bes\u00f6kte Pumpen i S\u00f6dra Vi testade arrang\u00f6rerna ett nytt grepp med fokus p\u00e5 m\u00e5lgruppen 13-17 \u00e5r. Det gick inte alls hem.<\/p>\n<p>Foto: Samuel Ste\u00e9n\/TT<\/p>\n<p>N\u00e4r Lia Larsson, en av Sveriges st\u00f6rsta profiler inom Epa-scenen, bes\u00f6kte Pumpen i S\u00f6dra Vi f\u00f6r en spelning i slutet av oktober testade arrang\u00f6rerna ett nytt grepp.<\/p>\n<p>De satsade p\u00e5 m\u00e5lgruppen 13-17 \u00e5r, ett koncept som de hade hopp om skulle g\u00e5 hem.<\/p>\n<p>Ist\u00e4llet blev det ett publikfiasko, n\u00e4r endast 22 personer d\u00f6k upp.<\/p>\n<p>Lena Josefsson, en av arrang\u00f6rerna, sa s\u00e5h\u00e4r i en intervju med v\u00e5r tidning efter debaclet:<\/p>\n<p>\u2013 Hon gjorde en j\u00e4ttebra show, men det blev ju inte alls vad vi hade f\u00f6rv\u00e4ntat oss, det var v\u00e4ldigt d\u00e5ligt.<\/p>\n<p>Josefsson ber\u00e4ttade att de hade f\u00f6rv\u00e4ntat sig runt 150-200 personer, men utfallet blev l\u00e5ngt ifr\u00e5n det.\u00a0<\/p>\n<p>Nyheten var i alla fall n\u00e5got som lockade l\u00e4sarna, d\u00e5 artikeln blev den sj\u00e4tte mest l\u00e4sta f\u00f6r \u00e5ret p\u00e5 v\u00e5r sajt.<\/p>\n","protected":false},"excerpt":{"rendered":"10. Lantbrukare f\u00e5r inga pengar efter konkursen: &#8221;Tufft&#8221; Tidigare i \u00e5r, i maj, pratade vi med Albert och&hellip;\n","protected":false},"author":2,"featured_media":119189,"comment_status":"","ping_status":"","sticky":false,"template":"","format":"standard","meta":{"footnotes":""},"categories":[65],"tags":[72,70,71,34,31,33,32,30],"class_list":{"0":"post-119188","1":"post","2":"type-post","3":"status-publish","4":"format-standard","5":"has-post-thumbnail","7":"category-ekonomi","8":"tag-business","9":"tag-economy","10":"tag-ekonomi","11":"tag-se","12":"tag-svenska","13":"tag-sverige","14":"tag-sweden","15":"tag-swedish"},"share_on_mastodon":{"url":"https:\/\/pubeurope.com\/@se\/115796937852609729","error":""},"_links":{"self":[{"href":"https:\/\/www.europesays.com\/se\/wp-json\/wp\/v2\/posts\/119188","targetHints":{"allow":["GET"]}}],"collection":[{"href":"https:\/\/www.europesays.com\/se\/wp-json\/wp\/v2\/posts"}],"about":[{"href":"https:\/\/www.europesays.com\/se\/wp-json\/wp\/v2\/types\/post"}],"author":[{"embeddable":true,"href":"https:\/\/www.europesays.com\/se\/wp-json\/wp\/v2\/users\/2"}],"replies":[{"embeddable":true,"href":"https:\/\/www.europesays.com\/se\/wp-json\/wp\/v2\/comments?post=119188"}],"version-history":[{"count":0,"href":"https:\/\/www.europesays.com\/se\/wp-json\/wp\/v2\/posts\/119188\/revisions"}],"wp:featuredmedia":[{"embeddable":true,"href":"https:\/\/www.europesays.com\/se\/wp-json\/wp\/v2\/media\/119189"}],"wp:attachment":[{"href":"https:\/\/www.europesays.com\/se\/wp-json\/wp\/v2\/media?parent=119188"}],"wp:term":[{"taxonomy":"category","embeddable":true,"href":"https:\/\/www.europesays.com\/se\/wp-json\/wp\/v2\/categories?post=119188"},{"taxonomy":"post_tag","embeddable":true,"href":"https:\/\/www.europesays.com\/se\/wp-json\/wp\/v2\/tags?post=119188"}],"curies":[{"name":"wp","href":"https:\/\/api.w.org\/{rel}","templated":true}]}}