{"id":11921,"date":"2025-08-23T16:38:27","date_gmt":"2025-08-23T16:38:27","guid":{"rendered":"https:\/\/www.europesays.com\/se\/11921\/"},"modified":"2025-08-23T16:38:27","modified_gmt":"2025-08-23T16:38:27","slug":"efter-mffs-storforlustjag-satt-och-smalog-allsvenskan","status":"publish","type":"post","link":"https:\/\/www.europesays.com\/se\/11921\/","title":{"rendered":"Efter MFF:s storf\u00f6rlust:\n\u201dJag satt och sm\u00e5log\u201d | Allsvenskan"},"content":{"rendered":"<p>Malm\u00f6 FF \u00e5kte p\u00e5 storstryk av FC K\u00f6penhamn i Champions League-kvalet.<\/p>\n<p>IFK G\u00f6teborg-tr\u00e4naren Joachim Bj\u00f6rklunds spontana reaktion?<\/p>\n<p>\u2013 Jag kanske till och med satt och sm\u00e5log, s\u00e4ger han inf\u00f6r s\u00f6ndagens rivalm\u00f6te.<\/p>\n<p><img   alt=\"\"\/><\/p>\n<p>IFK G\u00f6teborgs tr\u00e4nare Joachim Bj\u00f6rklund.<\/p>\n<p>Foto: CHRISTOFFER BORG MATTISSON \/ BILDBYR\u00c5N<\/p>\n<p>\u00d6ppna bild i helsk\u00e4rm<\/p>\n<p><a href=\"https:\/\/www.expressen.se\/tagg\/organization\/ifk-goteborg\/\" class=\"\" rel=\"nofollow noopener\" target=\"_blank\">IFK G\u00f6teborg<\/a> har luft under vingarna inf\u00f6r m\u00f6tet med Malm\u00f6 FF p\u00e5 Eleda stadion. De bl\u00e5vita har tagit tre raka trepo\u00e4ngare och g\u00e5r vid tre nya po\u00e4ng mot de himmelsbl\u00e5 om Malm\u00f6 FF i tabellen.<\/p>\n<p>Dr\u00f6mmen om Europaspel lever i s\u00e5 fall i allra h\u00f6gsta grad f\u00f6r Bl\u00e5vitt.<\/p>\n<p>\u2013 Det som lockar mest \u00e4r att f\u00f6rs\u00f6ka g\u00e5 ut och vinna varje match. Det kommer vi f\u00f6rmodligen misslyckas med, det vet vi, men m\u00e5ls\u00e4ttningen \u00e4r att vinna varje match \u2013 oavsett vem vi m\u00f6ter. Det b\u00f6rjar nu med Malm\u00f6 FF borta, sedan f\u00e5r vi ta det d\u00e4rifr\u00e5n, s\u00e4ger tr\u00e4naren Joachim Bj\u00f6rklund n\u00e4r kampen om Europaplatserna kommer p\u00e5 tal.<\/p>\n<p>Han utvecklar:<\/p>\n<p>\u2013 Men \u00e4ven om vi tar det match f\u00f6r match \u00e4r det klart att det \u00e4r betydligt roligare att kunna titta fram\u00e5t snarare \u00e4n bak\u00e5t. Det k\u00e4nner vi v\u00e4l allihop \u2013 och det g\u00f6r oss b\u00e4ttre ocks\u00e5. Det skapar mer sj\u00e4lvf\u00f6rtroende och mindre panik. Men det g\u00e5r fort i fotboll och det \u00e4r j\u00e4mnt. Den Europaplatsen som nu \u00e4r inom r\u00e4ckh\u00e5ll kan vara avl\u00e4gsen om tre veckor \u2013 eller \u00e4nnu mer aktuell. Vi f\u00e5r se hur det ser ut efter sista matchen.<\/p>\n<p><img loading=\"lazy\"   alt=\"\"\/><\/p>\n<p>IFK G\u00f6teborgs tr\u00e4nare Joachim Bj\u00f6rklund.<\/p>\n<p>Foto: MICHAEL ERICHSEN \/ BILDBYR\u00c5N<\/p>\n<p>\u00d6ppna bild i helsk\u00e4rmBackar Rydstr\u00f6m: \u201d\u00c4r tr\u00e5kigt\u201d<\/p>\n<p>Ett lag som \u00e4r mitt uppe i sitt kval till Europa League \u00e4r s\u00f6ndagens motst\u00e5ndare Malm\u00f6 FF.\u00a0<\/p>\n<p>Efter en svagare s\u00e4song har MFF halkat efter i den allsvenska guldstriden (just nu elva po\u00e4ng bakom serieledaren ren Mj\u00e4llby) och i Champions League-kvalet gick sk\u00e5ningarna p\u00e5 pumpen ordentligt mot \u00d6resundsrivalen FC K\u00f6penhamn. Efter 0\u20130 i f\u00f6rsta m\u00f6tet vann FCK med klara 5\u20130 p\u00e5 Parken efter att g\u00e4sterna st\u00e5tt f\u00f6r en blek insats.<\/p>\n<p>Storf\u00f6rlusten gjorde att det b\u00f6rjade bl\u00e5sa kring huvudtr\u00e4naren Henrik Rydstr\u00f6m.<\/p>\n<p>\u2013 Jag tycker alltid att det narrativet \u00e4r tr\u00e5kigt, s\u00e4ger Joachim Bj\u00f6rklund och forts\u00e4tter:<\/p>\n<p>\u2013 Samtidigt f\u00f6rst\u00e5r jag att det h\u00f6r till i fotbollen och \u00e4nnu mer i st\u00f6rre klubbar d\u00e4r det f\u00f6rv\u00e4ntas resultat snabbt och varje \u00e5r. Men man ser s\u00e4llan f\u00f6rb\u00e4ttringar av det (att sparka tr\u00e4naren) under s\u00e4song. Det h\u00e4nder n\u00e5gon g\u00e5ng d\u00e5 och d\u00e5 att det ger en kortsiktig effekt, men sen brukar det inte bli bra. Jag vill nog vara solidarisk med mina kollegor d\u00e4r.<\/p>\n<p><img loading=\"lazy\"   alt=\"\"\/><\/p>\n<p>Malm\u00f6 FF:s tr\u00e4nare Henrik Rydstr\u00f6m efter f\u00f6rlusten mot FC K\u00f6penhamn.<\/p>\n<p>Foto: PETTER ARVIDSON \/ BILDBYR\u00c5N<\/p>\n<p>\u00d6ppna bild i helsk\u00e4rm\u201dMalm\u00f6 \u00e4r v\u00e5r st\u00f6rsta rival\u201d<\/p>\n<p>IFK G\u00f6teborgs tr\u00e4nare konstaterar att det kan sv\u00e4nga snabbt f\u00f6r tr\u00e4nare som Henrik Rydstr\u00f6m som tidigare hyllats unisont.<\/p>\n<p>\u2013 Man f\u00e5r s\u00e4tta det i en kontext. En svag s\u00e4song f\u00f6r Malm\u00f6 FF \u00e4r en r\u00e4tt bra s\u00e4song f\u00f6r de flesta andra lag. Det gl\u00f6mmer man bort ibland. Jag fattar att kraven \u00e4r h\u00f6ga, men dels ska man ha ett alternativ som \u00e4r b\u00e4ttre \u00e4n Henrik \u2013 jag vet inte hur det alternativet skulle se ut \u2013 och dels ser man runtom i fotbolls-Europa att kontinuitet \u00e4r viktigt, inte minst p\u00e5 tr\u00e4narsidan.<\/p>\n<p>Annons<\/p>\n<p><strong>Har ni tittat n\u00e5got p\u00e5 FCK-matchen?<\/strong><\/p>\n<p>\u2013 Vi s\u00e5g FCK-matchen, men vi har inte anv\u00e4nt den n\u00e5gonting i v\u00e5r analys h\u00e4r nu.<\/p>\n<p><strong>Vad beror det p\u00e5?<\/strong><\/p>\n<p>\u2013 Att vi inte \u00e4r FCK. Vi tittade mer p\u00e5 MFF:s senaste match mot Sigma Olomouc (i Europa League-kvalet i torsdags), f\u00f6r det \u00e4r mer p\u00e5 v\u00e5r niv\u00e5, och p\u00e5 deras allsvenska matcher.<\/p>\n<p>\u2013 Sj\u00e4lvklart s\u00e5g vi FCK-matchen ocks\u00e5 \u2013 och jag kanske till och med satt och sm\u00e5log d\u00e4r, det vet jag inte. Det var j\u00e4vligt osolidariskt i s\u00e5 fall (skratt). Men jag h\u00e4vdar fortfarande att Malm\u00f6 \u00e4r v\u00e5r \u2013 eller i alla fall min \u2013 st\u00f6rsta rival. Men som sagt: Vi har inte anv\u00e4nt den matchen i v\u00e5r analys inf\u00f6r den h\u00e4r matchen.<\/p>\n<p><img loading=\"lazy\"   alt=\"\"\/> <\/p>\n<p>Foto: PETTER ARVIDSON \/ BILDBYR\u00c5N<\/p>\n<p>\u00d6ppna bild i helsk\u00e4rm\u201dJag gr\u00e5ter inte n\u00e4r de f\u00f6rlorar\u201d<\/p>\n<p>Bj\u00f6rklund hade hursomhelst inget emot att Malm\u00f6 FF \u00e5kte p\u00e5 storstryk i K\u00f6penhamn den 12 augusti.<\/p>\n<p>\u2013 Snacket om vad som \u00e4r b\u00e4st f\u00f6r svensk fotboll och det d\u00e4r&#8230; nej, det \u00e4r en rival. Jag gr\u00e5ter inte n\u00e4r de f\u00f6rlorar, s\u00e4ger Bl\u00e5vitts tr\u00e4nare.<\/p>\n<p><strong>\u00c4ven om det hade varit bra f\u00f6r svensk fotboll om de hade g\u00e5tt till Champions League?<\/strong><\/p>\n<p>\u2013 Ja, det \u00e4r klart att det \u00e4r det, det vet jag, men vi \u00e4r inte d\u00e4r \u00e4n s\u00e5 att vi kan dra nytta av det. Jag f\u00e5r v\u00e4l vara lite mer solidarisk n\u00e4r vi \u00e4r i den positionen d\u00e5, svarar Bj\u00f6rklund med ett leende.<\/p>\n<p>\u2013 Och det h\u00e4r \u00e4r ingen diss av Malm\u00f6 p\u00e5 n\u00e5got s\u00e4tt. Det \u00e4r tv\u00e4rtom, respekt till dem. Den rivaliteten f\u00e5r de se som n\u00e5gon form av hederstecken \u2013 \u00e4ven om de nog inte beh\u00f6ver det fr\u00e5n mig. MFF har varit det b\u00e4sta laget de senaste 10-15 \u00e5ren och det \u00e4r dem man vill sl\u00e5 mest. Och f\u00f6r egen del har det alltid varit s\u00e5 i mitt fotbollsliv.<\/p>\n<p><img loading=\"lazy\"   alt=\"\"\/><\/p>\n<p>Malm\u00f6 FF:s mittback Pontus Jansson efter f\u00f6rlusten mot FC K\u00f6penhamn.<\/p>\n<p>Foto: CHRISTOFFER BORG MATTISSON \/ BILDBYR\u00c5N<\/p>\n<p>\u00d6ppna bild i helsk\u00e4rm\u201dTuffaste uppgiften p\u00e5 \u00e5ret\u201d<\/p>\n<p>Joachim Bj\u00f6rklund, som kommer fr\u00e5n V\u00e4xj\u00f6, \u00e4r uppv\u00e4xt med Malm\u00f6 FF som den stora antagonisten.<\/p>\n<p>\u2013 Det b\u00f6rjade tidigt, redan n\u00e4r jag var sju-\u00e5tta \u00e5r gammal och h\u00f6ll p\u00e5 \u00d6ster. D\u00e5 slogs \u00d6ster och Malm\u00f6 om det.<\/p>\n<p><strong>Vad blir nycklarna f\u00f6r att sl\u00e5 MFF nu?<\/strong><\/p>\n<p>\u2013 Givetvis m\u00e5ste vi vara p\u00e5 topp f\u00f6r att kunna sl\u00e5 dem. Det \u00e4r den tuffaste uppgiften p\u00e5 \u00e5ret att \u00e5ka ner till Malm\u00f6 och f\u00f6rs\u00f6ka f\u00e5 med sig n\u00e5got d\u00e4rifr\u00e5n. Om vi inte \u00e4r hundra n\u00e4r det g\u00e4ller intensitet och insats kommer vi f\u00e5 pisk p\u00e5 fingrarna.\u00a0<\/p>\n<p>\u2013 Nu har vi gjort tv\u00e5 relativt bra matcher mot dem, borta i cupen och hemma i allsvenskan, och det \u00e4r f\u00f6r att vi, \u00e5tminstone i delar av matcherna, har haft ett eget bollinnehav. Det \u00e4r optimistiskt att tro att man ska \u00e5ka ner dit och ligga l\u00e5gt i 90 minuter. Vi beh\u00f6ver g\u00f6ra n\u00e5got bra med bollen n\u00e4r vi har den \u2013 vi m\u00e5ste kunna etablera ett eget spel. Vi m\u00e5ste v\u00e5ga ta den chansen.<\/p>\n<p><strong>L\u00c4S MER: <\/strong><a href=\"https:\/\/www.expressen.se\/sport\/fotboll\/allsvenskan\/kan-lamna-i-sommar-det-later-klicheartat\/\" class=\"\" rel=\"nofollow noopener\" target=\"_blank\">Thomas Santos kan l\u00e4mna IFK G\u00f6teborg: \u201dL\u00e5ter klich\u00e9artat\u201d<\/a><strong>L\u00c4S MER: <\/strong><a href=\"https:\/\/www.expressen.se\/sport\/fotboll\/allsvenskan\/ifk-goteborgs-sportchef-raknar-med-affarer-ror-pa-sig\/\" class=\"premium-link\" rel=\"nofollow noopener\" target=\"_blank\">Premium IFK G\u00f6teborgs sportchef r\u00e4knar med aff\u00e4rer: \u201dR\u00f6r p\u00e5 sig\u201d<\/a><strong>L\u00c4S MER: <\/strong><a href=\"https:\/\/www.expressen.se\/sport\/kronikorer\/irma-helin-zibanejad\/irma-helin-zibanejad-darfor-ar-det-roligt-att-folja-ifk-goteborg-igen\/\" class=\"premium-link\" rel=\"nofollow noopener\" target=\"_blank\">Premium Irma Helin Zibanejad: D\u00e4rf\u00f6r \u00e4r det roligt att f\u00f6lja IFK G\u00f6teborg igen<\/a><img loading=\"lazy\"   alt=\"\"\/>\u00d6ppna bild i helsk\u00e4rm<\/p>\n","protected":false},"excerpt":{"rendered":"Malm\u00f6 FF \u00e5kte p\u00e5 storstryk av FC K\u00f6penhamn i Champions League-kvalet. IFK G\u00f6teborg-tr\u00e4naren Joachim Bj\u00f6rklunds spontana reaktion? \u2013&hellip;\n","protected":false},"author":2,"featured_media":11922,"comment_status":"","ping_status":"","sticky":false,"template":"","format":"standard","meta":{"footnotes":""},"categories":[5],"tags":[22,23,26,27,17,21,24,25,28,29,15,16,555,565,664,358,1644,18,34,130,129,31,33,32,30,19,20],"class_list":{"0":"post-11921","1":"post","2":"type-post","3":"status-publish","4":"format-standard","5":"has-post-thumbnail","7":"category-rubriker","8":"tag-breaking-news","9":"tag-breakingnews","10":"tag-featured-news","11":"tag-featurednews","12":"tag-headlines","13":"tag-huvudnyheter","14":"tag-latest-news","15":"tag-latestnews","16":"tag-main-news","17":"tag-mainnews","18":"tag-news","19":"tag-nyheter","20":"tag-organization-allsvenskan","21":"tag-organization-fc-kopenhamn","22":"tag-organization-ifk-goteborg","23":"tag-organization-malmo-ff","24":"tag-person-henrik-rydstrom","25":"tag-rubriker","26":"tag-se","27":"tag-sections-allsvenskan","28":"tag-sections-fotboll","29":"tag-svenska","30":"tag-sverige","31":"tag-sweden","32":"tag-swedish","33":"tag-top-stories","34":"tag-topstories"},"share_on_mastodon":{"url":"","error":""},"_links":{"self":[{"href":"https:\/\/www.europesays.com\/se\/wp-json\/wp\/v2\/posts\/11921","targetHints":{"allow":["GET"]}}],"collection":[{"href":"https:\/\/www.europesays.com\/se\/wp-json\/wp\/v2\/posts"}],"about":[{"href":"https:\/\/www.europesays.com\/se\/wp-json\/wp\/v2\/types\/post"}],"author":[{"embeddable":true,"href":"https:\/\/www.europesays.com\/se\/wp-json\/wp\/v2\/users\/2"}],"replies":[{"embeddable":true,"href":"https:\/\/www.europesays.com\/se\/wp-json\/wp\/v2\/comments?post=11921"}],"version-history":[{"count":0,"href":"https:\/\/www.europesays.com\/se\/wp-json\/wp\/v2\/posts\/11921\/revisions"}],"wp:featuredmedia":[{"embeddable":true,"href":"https:\/\/www.europesays.com\/se\/wp-json\/wp\/v2\/media\/11922"}],"wp:attachment":[{"href":"https:\/\/www.europesays.com\/se\/wp-json\/wp\/v2\/media?parent=11921"}],"wp:term":[{"taxonomy":"category","embeddable":true,"href":"https:\/\/www.europesays.com\/se\/wp-json\/wp\/v2\/categories?post=11921"},{"taxonomy":"post_tag","embeddable":true,"href":"https:\/\/www.europesays.com\/se\/wp-json\/wp\/v2\/tags?post=11921"}],"curies":[{"name":"wp","href":"https:\/\/api.w.org\/{rel}","templated":true}]}}