{"id":119214,"date":"2025-12-28T11:41:07","date_gmt":"2025-12-28T11:41:07","guid":{"rendered":"https:\/\/www.europesays.com\/se\/119214\/"},"modified":"2025-12-28T11:41:07","modified_gmt":"2025-12-28T11:41:07","slug":"ryssland-forlanger-forbudet-mot-bensinexport","status":"publish","type":"post","link":"https:\/\/www.europesays.com\/se\/119214\/","title":{"rendered":"Ryssland f\u00f6rl\u00e4nger f\u00f6rbudet mot bensinexport"},"content":{"rendered":"<p>Det ryska f\u00f6rbudet mot bensinexport f\u00f6rl\u00e4ngs till och med februari n\u00e4sta \u00e5r.<\/p>\n<p>Seniorekonomen: \u201dAldrig varit med om ett s\u00e5 dramatiskt \u00e5r\u201d<img loading=\"lazy\"   alt=\"\"\/><\/p>\n<p>Rysslands president Vladimir Putin.<\/p>\n<p>Foto: MIKHAIL METZEL \/ AP TT NYHETSBYR\u00c5N<\/p>\n<p>\u00d6ppna bild i helsk\u00e4rm<img loading=\"lazy\"   alt=\"\"\/><\/p>\n<p>Exportf\u00f6rbudet omfattar \u00e4ven diesel, fartygsolja och andra bensinoljor.<\/p>\n<p>Foto: PELLE T NILSSON \/ SPA SPA | SWEDISH PRESS AGENCY<\/p>\n<p>\u00d6ppna bild i helsk\u00e4rm<\/p>\n<p>F\u00f6rbudet av utf\u00f6rsel av bensin fr\u00e5n <a href=\"https:\/\/www.expressen.se\/tagg\/location\/ryssland\/\" class=\"\" rel=\"nofollow noopener\" target=\"_blank\">Ryssland<\/a>, som inf\u00f6rdes i augusti, g\u00e4ller alla export\u00f6rer, inklusive producenter, skriver nyhetsbyr\u00e5n Bloomberg som h\u00e4nvisar till ett regeringsdekret p\u00e5 l\u00f6rdagen.<\/p>\n<p>Exportf\u00f6rbudet omfattar \u00e4ven diesel, fartygsolja och andra bensinoljor.<\/p>\n<p>Ryssland inf\u00f6rde f\u00f6rbudet i somras efter att Ukraina intensifierat sina attacker mot ryska oljeraffinaderier och hamnar fr\u00e5n Svarta havet till \u00d6stersj\u00f6kusten. Det ledde till pris\u00f6kningar och bensinbrist i flera ryska regioner.<\/p>\n","protected":false},"excerpt":{"rendered":"Det ryska f\u00f6rbudet mot bensinexport f\u00f6rl\u00e4ngs till och med februari n\u00e4sta \u00e5r. Seniorekonomen: \u201dAldrig varit med om ett&hellip;\n","protected":false},"author":2,"featured_media":119215,"comment_status":"","ping_status":"","sticky":false,"template":"","format":"standard","meta":{"footnotes":""},"categories":[65],"tags":[72,70,71,274,202,276,34,31,33,32,30,11677,60],"class_list":{"0":"post-119214","1":"post","2":"type-post","3":"status-publish","4":"format-standard","5":"has-post-thumbnail","7":"category-ekonomi","8":"tag-business","9":"tag-economy","10":"tag-ekonomi","11":"tag-location-ryssland","12":"tag-location-ukraina","13":"tag-newsstory-kriget-i-ukraina","14":"tag-se","15":"tag-svenska","16":"tag-sverige","17":"tag-sweden","18":"tag-swedish","19":"tag-topic-bensinpris","20":"tag-topic-krig-konflikt"},"share_on_mastodon":{"url":"https:\/\/pubeurope.com\/@se\/115797012155213257","error":""},"_links":{"self":[{"href":"https:\/\/www.europesays.com\/se\/wp-json\/wp\/v2\/posts\/119214","targetHints":{"allow":["GET"]}}],"collection":[{"href":"https:\/\/www.europesays.com\/se\/wp-json\/wp\/v2\/posts"}],"about":[{"href":"https:\/\/www.europesays.com\/se\/wp-json\/wp\/v2\/types\/post"}],"author":[{"embeddable":true,"href":"https:\/\/www.europesays.com\/se\/wp-json\/wp\/v2\/users\/2"}],"replies":[{"embeddable":true,"href":"https:\/\/www.europesays.com\/se\/wp-json\/wp\/v2\/comments?post=119214"}],"version-history":[{"count":0,"href":"https:\/\/www.europesays.com\/se\/wp-json\/wp\/v2\/posts\/119214\/revisions"}],"wp:featuredmedia":[{"embeddable":true,"href":"https:\/\/www.europesays.com\/se\/wp-json\/wp\/v2\/media\/119215"}],"wp:attachment":[{"href":"https:\/\/www.europesays.com\/se\/wp-json\/wp\/v2\/media?parent=119214"}],"wp:term":[{"taxonomy":"category","embeddable":true,"href":"https:\/\/www.europesays.com\/se\/wp-json\/wp\/v2\/categories?post=119214"},{"taxonomy":"post_tag","embeddable":true,"href":"https:\/\/www.europesays.com\/se\/wp-json\/wp\/v2\/tags?post=119214"}],"curies":[{"name":"wp","href":"https:\/\/api.w.org\/{rel}","templated":true}]}}