{"id":119216,"date":"2025-12-28T11:43:10","date_gmt":"2025-12-28T11:43:10","guid":{"rendered":"https:\/\/www.europesays.com\/se\/119216\/"},"modified":"2025-12-28T11:43:10","modified_gmt":"2025-12-28T11:43:10","slug":"tusentals-utan-strom-i-vasternorrland-efter-stormen-johannes","status":"publish","type":"post","link":"https:\/\/www.europesays.com\/se\/119216\/","title":{"rendered":"Tusentals utan str\u00f6m i V\u00e4sternorrland efter stormen Johannes"},"content":{"rendered":"<p>Som v\u00e4rst under l\u00f6rdagen bl\u00e5ste det strax \u00f6ver 35 meter per sekund i byarna. Och det fick kraftiga konsekvenser. B\u00e5de Sundsvallsbron och H\u00f6gakustenbron st\u00e4ngdes av, tak fr\u00e5n olika byggnader bl\u00e5ste bort, tr\u00e4d f\u00f6ll och blockerade v\u00e4gar.<\/p>\n<p>Sent p\u00e5 kv\u00e4llen kom dessutom besked om att en person d\u00f6tt efter att ha kl\u00e4mts fast under ett tr\u00e4d i H\u00e4rn\u00f6sand, medan han arbetade med skadorna efter stormen. <\/p>\n<p>Tusentals utan str\u00f6m<\/p>\n<p>Under s\u00f6ndagsmorgonen har stormen avtagit kraftigt och medelvindarna \u00e4r nere p\u00e5 nio meter per sekund, enligt m\u00e4tstationen utanf\u00f6r Aln\u00f6 i Sundsvall. <\/p>\n<p>Stormvindarna har slagit ut str\u00f6mmen f\u00f6r m\u00e5nga hush\u00e5ll runt om i V\u00e4sternorrland och p\u00e5 s\u00f6ndagsmorgonen uppgavs \u00f6ver 10\u00a0000 hush\u00e5ll bara i V\u00e4sternorrland vara str\u00f6ml\u00f6sa. <\/p>\n<p>\u201dV\u00e4ldigt omfattande storm\u201d<\/p>\n<p>Och det kommer ta tid att \u00e5tg\u00e4rda problemen, enligt Eons regionchef Lena Berglund. <\/p>\n<p>\u2013 Det \u00e4r en v\u00e4ldigt omfattande storm p\u00e5 det s\u00e4ttet att vi har str\u00f6ml\u00f6sa kunder fr\u00e5n Dorotea ner till Nordanstig och \u00e4ven att det \u00e4r s\u00e5 pass m\u00e5nga str\u00f6ml\u00f6sa kunder fortfarande och kommer vara m\u00e5nga fram\u00f6ver, s\u00e4ger hon.<\/p>\n","protected":false},"excerpt":{"rendered":"Som v\u00e4rst under l\u00f6rdagen bl\u00e5ste det strax \u00f6ver 35 meter per sekund i byarna. Och det fick kraftiga&hellip;\n","protected":false},"author":2,"featured_media":119217,"comment_status":"","ping_status":"","sticky":false,"template":"","format":"standard","meta":{"footnotes":""},"categories":[12],"tags":[22,23,26,27,17,21,24,25,28,29,15,16,18,34,31,33,32,30,19,20],"class_list":{"0":"post-119216","1":"post","2":"type-post","3":"status-publish","4":"format-standard","5":"has-post-thumbnail","7":"category-sverige","8":"tag-breaking-news","9":"tag-breakingnews","10":"tag-featured-news","11":"tag-featurednews","12":"tag-headlines","13":"tag-huvudnyheter","14":"tag-latest-news","15":"tag-latestnews","16":"tag-main-news","17":"tag-mainnews","18":"tag-news","19":"tag-nyheter","20":"tag-rubriker","21":"tag-se","22":"tag-svenska","23":"tag-sverige","24":"tag-sweden","25":"tag-swedish","26":"tag-top-stories","27":"tag-topstories"},"share_on_mastodon":{"url":"https:\/\/pubeurope.com\/@se\/115797020093362082","error":""},"_links":{"self":[{"href":"https:\/\/www.europesays.com\/se\/wp-json\/wp\/v2\/posts\/119216","targetHints":{"allow":["GET"]}}],"collection":[{"href":"https:\/\/www.europesays.com\/se\/wp-json\/wp\/v2\/posts"}],"about":[{"href":"https:\/\/www.europesays.com\/se\/wp-json\/wp\/v2\/types\/post"}],"author":[{"embeddable":true,"href":"https:\/\/www.europesays.com\/se\/wp-json\/wp\/v2\/users\/2"}],"replies":[{"embeddable":true,"href":"https:\/\/www.europesays.com\/se\/wp-json\/wp\/v2\/comments?post=119216"}],"version-history":[{"count":0,"href":"https:\/\/www.europesays.com\/se\/wp-json\/wp\/v2\/posts\/119216\/revisions"}],"wp:featuredmedia":[{"embeddable":true,"href":"https:\/\/www.europesays.com\/se\/wp-json\/wp\/v2\/media\/119217"}],"wp:attachment":[{"href":"https:\/\/www.europesays.com\/se\/wp-json\/wp\/v2\/media?parent=119216"}],"wp:term":[{"taxonomy":"category","embeddable":true,"href":"https:\/\/www.europesays.com\/se\/wp-json\/wp\/v2\/categories?post=119216"},{"taxonomy":"post_tag","embeddable":true,"href":"https:\/\/www.europesays.com\/se\/wp-json\/wp\/v2\/tags?post=119216"}],"curies":[{"name":"wp","href":"https:\/\/api.w.org\/{rel}","templated":true}]}}