{"id":119218,"date":"2025-12-28T11:44:41","date_gmt":"2025-12-28T11:44:41","guid":{"rendered":"https:\/\/www.europesays.com\/se\/119218\/"},"modified":"2025-12-28T11:44:41","modified_gmt":"2025-12-28T11:44:41","slug":"forsvunna-kvinnan-i-salem-ar-dod","status":"publish","type":"post","link":"https:\/\/www.europesays.com\/se\/119218\/","title":{"rendered":"F\u00f6rsvunna kvinnan i Salem \u00e4r d\u00f6d"},"content":{"rendered":"<p>Kvinnan, som \u00e4r i 25-\u00e5rs\u00e5ldern, f\u00f6rsvann i R\u00f6nninge under natten till fredagen. Sedan dess har en intensiv s\u00f6kinsats p\u00e5g\u00e5tt.\u00a0Under l\u00f6rdagskv\u00e4llen kunde polisen lokalisera och frihetsber\u00f6va en huvudmisst\u00e4nkt person.<\/p>\n<p>\u2013 I samband med att vi frihetsber\u00f6var personen framkommer faktiska omst\u00e4ndigheter som g\u00f6r g\u00e4llande att kvinnan \u00e4r avliden, s\u00e4ger Max \u00c5kerwall vid polisen p\u00e5 en presstr\u00e4ff p\u00e5 s\u00f6ndagen. <\/p>\n","protected":false},"excerpt":{"rendered":"Kvinnan, som \u00e4r i 25-\u00e5rs\u00e5ldern, f\u00f6rsvann i R\u00f6nninge under natten till fredagen. Sedan dess har en intensiv s\u00f6kinsats&hellip;\n","protected":false},"author":2,"featured_media":119219,"comment_status":"","ping_status":"","sticky":false,"template":"","format":"standard","meta":{"footnotes":""},"categories":[5],"tags":[22,23,26,27,17,21,24,25,28,29,15,16,18,34,31,33,32,30,19,20],"class_list":{"0":"post-119218","1":"post","2":"type-post","3":"status-publish","4":"format-standard","5":"has-post-thumbnail","7":"category-rubriker","8":"tag-breaking-news","9":"tag-breakingnews","10":"tag-featured-news","11":"tag-featurednews","12":"tag-headlines","13":"tag-huvudnyheter","14":"tag-latest-news","15":"tag-latestnews","16":"tag-main-news","17":"tag-mainnews","18":"tag-news","19":"tag-nyheter","20":"tag-rubriker","21":"tag-se","22":"tag-svenska","23":"tag-sverige","24":"tag-sweden","25":"tag-swedish","26":"tag-top-stories","27":"tag-topstories"},"share_on_mastodon":{"url":"https:\/\/pubeurope.com\/@se\/115797024000935287","error":""},"_links":{"self":[{"href":"https:\/\/www.europesays.com\/se\/wp-json\/wp\/v2\/posts\/119218","targetHints":{"allow":["GET"]}}],"collection":[{"href":"https:\/\/www.europesays.com\/se\/wp-json\/wp\/v2\/posts"}],"about":[{"href":"https:\/\/www.europesays.com\/se\/wp-json\/wp\/v2\/types\/post"}],"author":[{"embeddable":true,"href":"https:\/\/www.europesays.com\/se\/wp-json\/wp\/v2\/users\/2"}],"replies":[{"embeddable":true,"href":"https:\/\/www.europesays.com\/se\/wp-json\/wp\/v2\/comments?post=119218"}],"version-history":[{"count":0,"href":"https:\/\/www.europesays.com\/se\/wp-json\/wp\/v2\/posts\/119218\/revisions"}],"wp:featuredmedia":[{"embeddable":true,"href":"https:\/\/www.europesays.com\/se\/wp-json\/wp\/v2\/media\/119219"}],"wp:attachment":[{"href":"https:\/\/www.europesays.com\/se\/wp-json\/wp\/v2\/media?parent=119218"}],"wp:term":[{"taxonomy":"category","embeddable":true,"href":"https:\/\/www.europesays.com\/se\/wp-json\/wp\/v2\/categories?post=119218"},{"taxonomy":"post_tag","embeddable":true,"href":"https:\/\/www.europesays.com\/se\/wp-json\/wp\/v2\/tags?post=119218"}],"curies":[{"name":"wp","href":"https:\/\/api.w.org\/{rel}","templated":true}]}}