{"id":119222,"date":"2025-12-28T11:52:34","date_gmt":"2025-12-28T11:52:34","guid":{"rendered":"https:\/\/www.europesays.com\/se\/119222\/"},"modified":"2025-12-28T11:52:34","modified_gmt":"2025-12-28T11:52:34","slug":"da-fetmakampen-tappade-for-mycket","status":"publish","type":"post","link":"https:\/\/www.europesays.com\/se\/119222\/","title":{"rendered":"D\u00e5 fetmak\u00e4mpen tappade f\u00f6r mycket"},"content":{"rendered":"<p>Den danska l\u00e4kemedelsj\u00e4tten Novo Nordisk harklade sig och skapade en ekonomisk jordb\u00e4vning som k\u00e4ndes \u00e4nda in i de danska grundvalarna. Men f\u00f6r gemene dansk var det ingen ko p\u00e5 isen. Eller var det? <\/p>\n<p>Omni \u00e4r politiskt obundna och oberoende. Vi str\u00e4var efter att ge fler perspektiv p\u00e5 nyheterna. Har du fr\u00e5gor eller synpunkter kring v\u00e5r rapportering? <a href=\"https:\/\/omniekonomi.se\/da-fetmakampen-tappade-for-mycket\/a\/mailto:eko@omni.se\" class=\"ArticleActions_contactLink__W2F1M\" rel=\"nofollow noopener\" target=\"_blank\">Kontakta redaktionen<\/a><\/p>\n","protected":false},"excerpt":{"rendered":"Den danska l\u00e4kemedelsj\u00e4tten Novo Nordisk harklade sig och skapade en ekonomisk jordb\u00e4vning som k\u00e4ndes \u00e4nda in i de&hellip;\n","protected":false},"author":2,"featured_media":119223,"comment_status":"","ping_status":"","sticky":false,"template":"","format":"standard","meta":{"footnotes":""},"categories":[65],"tags":[12659,72,1205,70,71,538,1206,103,34,31,33,32,30,9618],"class_list":{"0":"post-119222","1":"post","2":"type-post","3":"status-publish","4":"format-standard","5":"has-post-thumbnail","7":"category-ekonomi","8":"tag-aret-som-gatt-2025","9":"tag-business","10":"tag-danmark","11":"tag-economy","12":"tag-ekonomi","13":"tag-lakemedel-medicinteknik","14":"tag-novo-nordisk","15":"tag-premium","16":"tag-se","17":"tag-svenska","18":"tag-sverige","19":"tag-sweden","20":"tag-swedish","21":"tag-up-material"},"share_on_mastodon":{"url":"https:\/\/pubeurope.com\/@se\/115797055517787946","error":""},"_links":{"self":[{"href":"https:\/\/www.europesays.com\/se\/wp-json\/wp\/v2\/posts\/119222","targetHints":{"allow":["GET"]}}],"collection":[{"href":"https:\/\/www.europesays.com\/se\/wp-json\/wp\/v2\/posts"}],"about":[{"href":"https:\/\/www.europesays.com\/se\/wp-json\/wp\/v2\/types\/post"}],"author":[{"embeddable":true,"href":"https:\/\/www.europesays.com\/se\/wp-json\/wp\/v2\/users\/2"}],"replies":[{"embeddable":true,"href":"https:\/\/www.europesays.com\/se\/wp-json\/wp\/v2\/comments?post=119222"}],"version-history":[{"count":0,"href":"https:\/\/www.europesays.com\/se\/wp-json\/wp\/v2\/posts\/119222\/revisions"}],"wp:featuredmedia":[{"embeddable":true,"href":"https:\/\/www.europesays.com\/se\/wp-json\/wp\/v2\/media\/119223"}],"wp:attachment":[{"href":"https:\/\/www.europesays.com\/se\/wp-json\/wp\/v2\/media?parent=119222"}],"wp:term":[{"taxonomy":"category","embeddable":true,"href":"https:\/\/www.europesays.com\/se\/wp-json\/wp\/v2\/categories?post=119222"},{"taxonomy":"post_tag","embeddable":true,"href":"https:\/\/www.europesays.com\/se\/wp-json\/wp\/v2\/tags?post=119222"}],"curies":[{"name":"wp","href":"https:\/\/api.w.org\/{rel}","templated":true}]}}