{"id":119224,"date":"2025-12-28T11:53:15","date_gmt":"2025-12-28T11:53:15","guid":{"rendered":"https:\/\/www.europesays.com\/se\/119224\/"},"modified":"2025-12-28T11:53:15","modified_gmt":"2025-12-28T11:53:15","slug":"zelenskyj-om-trumpmotet-sakerhetsgaranti-behovs","status":"publish","type":"post","link":"https:\/\/www.europesays.com\/se\/119224\/","title":{"rendered":"Zelenskyj om Trumpm\u00f6tet: S\u00e4kerhetsgaranti beh\u00f6vs"},"content":{"rendered":"<p>S\u00e4kerhetsgarantier kommer vara det fr\u00e4msta samtals\u00e4mnet under tr\u00e4ffen om ett fredsavtal f\u00f6r det ryska anfallskriget, uppger Ukrainas president Volodymyr Zelenskyj f\u00f6r journalister p\u00e5 flyget mot Florida, d\u00e4r han under s\u00f6ndagen ska tr\u00e4ffa USA:s president Donald Trump.<\/p>\n<p>Presidenten kontrar \u00e4ven amerikanska krav p\u00e5 val och folkomr\u00f6stningar med att s\u00e5dana inte kan ske under \u201dvillkoren vi lever med i dag\u201d. Ukrainaren sade dock tidigare i veckan att han kan t\u00e4nka sig att h\u00e5lla en folkomr\u00f6stning om den 20-punktsplan f\u00f6r fred som nu ligger p\u00e5 bordet \u2013 om Ryssland g\u00e5r med p\u00e5 en 60 dagar l\u00e5ng vapenvila.<\/p>\n<p>Zelenskyj kommer delta p\u00e5 m\u00f6tet tillsammans med chefsf\u00f6rhandlaren Rustem Umjerov, men \u00e4ven sin finansminister, vice utrikesminister, generalstabschef och en r\u00e5dgivare vid presidentstaben.<\/p>\n<p>Inf\u00f6r m\u00f6tet tr\u00e4ffade Zelenskyj under l\u00f6rdagen Kanadas premi\u00e4rminister Mark Carney och deltog i ett digitalt m\u00f6te med flera europeiska ledare.<\/p>\n","protected":false},"excerpt":{"rendered":"S\u00e4kerhetsgarantier kommer vara det fr\u00e4msta samtals\u00e4mnet under tr\u00e4ffen om ett fredsavtal f\u00f6r det ryska anfallskriget, uppger Ukrainas president&hellip;\n","protected":false},"author":2,"featured_media":793,"comment_status":"","ping_status":"","sticky":false,"template":"","format":"standard","meta":{"footnotes":""},"categories":[14],"tags":[22,23,26,27,17,21,24,25,28,29,15,16,18,34,31,33,32,30,19,20,51,52,53,54],"class_list":{"0":"post-119224","1":"post","2":"type-post","3":"status-publish","4":"format-standard","5":"has-post-thumbnail","7":"category-varlden","8":"tag-breaking-news","9":"tag-breakingnews","10":"tag-featured-news","11":"tag-featurednews","12":"tag-headlines","13":"tag-huvudnyheter","14":"tag-latest-news","15":"tag-latestnews","16":"tag-main-news","17":"tag-mainnews","18":"tag-news","19":"tag-nyheter","20":"tag-rubriker","21":"tag-se","22":"tag-svenska","23":"tag-sverige","24":"tag-sweden","25":"tag-swedish","26":"tag-top-stories","27":"tag-topstories","28":"tag-varlden","29":"tag-world","30":"tag-world-news","31":"tag-worldnews"},"share_on_mastodon":{"url":"https:\/\/pubeurope.com\/@se\/115797059560810776","error":""},"_links":{"self":[{"href":"https:\/\/www.europesays.com\/se\/wp-json\/wp\/v2\/posts\/119224","targetHints":{"allow":["GET"]}}],"collection":[{"href":"https:\/\/www.europesays.com\/se\/wp-json\/wp\/v2\/posts"}],"about":[{"href":"https:\/\/www.europesays.com\/se\/wp-json\/wp\/v2\/types\/post"}],"author":[{"embeddable":true,"href":"https:\/\/www.europesays.com\/se\/wp-json\/wp\/v2\/users\/2"}],"replies":[{"embeddable":true,"href":"https:\/\/www.europesays.com\/se\/wp-json\/wp\/v2\/comments?post=119224"}],"version-history":[{"count":0,"href":"https:\/\/www.europesays.com\/se\/wp-json\/wp\/v2\/posts\/119224\/revisions"}],"wp:featuredmedia":[{"embeddable":true,"href":"https:\/\/www.europesays.com\/se\/wp-json\/wp\/v2\/media\/793"}],"wp:attachment":[{"href":"https:\/\/www.europesays.com\/se\/wp-json\/wp\/v2\/media?parent=119224"}],"wp:term":[{"taxonomy":"category","embeddable":true,"href":"https:\/\/www.europesays.com\/se\/wp-json\/wp\/v2\/categories?post=119224"},{"taxonomy":"post_tag","embeddable":true,"href":"https:\/\/www.europesays.com\/se\/wp-json\/wp\/v2\/tags?post=119224"}],"curies":[{"name":"wp","href":"https:\/\/api.w.org\/{rel}","templated":true}]}}