{"id":119225,"date":"2025-12-28T11:54:55","date_gmt":"2025-12-28T11:54:55","guid":{"rendered":"https:\/\/www.europesays.com\/se\/119225\/"},"modified":"2025-12-28T11:54:55","modified_gmt":"2025-12-28T11:54:55","slug":"david-isaksson-arets-fuf-pristagare-global-bar-magazine","status":"publish","type":"post","link":"https:\/\/www.europesays.com\/se\/119225\/","title":{"rendered":"David Isaksson \u00e5rets FUF-pristagare \u2013 Global Bar Magazine"},"content":{"rendered":"\n<p><strong>Global Bar Magazines chefredakt\u00f6r David Isaksson f\u00e5r \u00e5rets FUF-pris 2025 fr\u00e5n organisationen\u00a0F\u00f6reningen f\u00f6r utvecklingsfr\u00e5gor (FUF).<br \/>\u2013\u00a0Det k\u00e4nns otroligt roligt! Priset \u00e4r ett viktigt erk\u00e4nnande f\u00f6r den journalistik som vi bedriver, s\u00e4ger David Isaksson.<\/strong><\/p>\n<p>I mer \u00e4n 50 \u00e5r har organisationen F\u00f6reningen f\u00f6r utvecklingsfr\u00e5gor (FUF) samlat akt\u00f6rer fr\u00e5n akademi och politik samt myndigheter, civilsamh\u00e4lle och n\u00e4ringsliv som vill l\u00e4ra sig mer om, och diskutera, globala utvecklingsfr\u00e5gor.\u00a0FUF f\u00f6rmedlar ocks\u00e5 praktikanter till bist\u00e5ndsorganisationer och myndigheter.<\/p>\n<p>FUF-priset delas ut till personer och organisationer i Sverige som styrelsen anser gjort s\u00e4rskilt goda insatser som fr\u00e4mjar en h\u00e5llbar global utveckling.\u00a0<a href=\"https:\/\/fuf.se\/magasin\/arets-fuf-pristagare-david-isaksson-om-att-granska-bistandet-det-svara-ar-inte-sallan-att-veta-vad-man-ska-begara-fram\/\" rel=\"nofollow noopener\" target=\"_blank\">S\u00e5 h\u00e4r motiverade styrelsen valet <\/a>av 2025-\u00e5rs FUF-pristagare:<\/p>\n<p>\u201dDavid Isaksson tilldelas FUF-priset 2025 f\u00f6r sitt l\u00e5ngvariga och engagerade journalistiska arbete och f\u00f6r sin roll som grundare, och chefredakt\u00f6r, f\u00f6r Global Bar Magazine. Genom kunskapsbaserad och oberoende bevakning har han bidragit till \u00f6kad information, debatt och politiska samtal om bist\u00e5nd och globala utvecklingsfr\u00e5gor. Ett arbete som \u00e4r s\u00e4rskilt viktigt i en tid d\u00e5 internationell solidaritet och bist\u00e5nd \u00e4r under angrepp b\u00e5de som id\u00e9 och praktik.\u201d<\/p>\n<p>Global Bar Magazine startades under pandemiv\u00e5ren 2020 och fyller d\u00e4rmed snart sex \u00e5r. Tidningen som publicerar dagliga nyheter kring globala fr\u00e5gor med fokus p\u00e5 bist\u00e5nd och utveckling drivs huvudsakligen ideellt.\u00a0<\/p>\n<p>\u2013 V\u00e4rlden \u00e4r of\u00f6ruts\u00e4gbar, polariseringen \u00f6kar, samtidigt som utvecklingen i v\u00e4rlden p\u00e5 m\u00e5nga omr\u00e5den g\u00e5r bak\u00e5t. Samtidigt minskar bist\u00e5ndet och det som \u00e4r kvar blir allt mer instrument f\u00f6r andra politiska fr\u00e5gor. Idag \u00e4r det d\u00e4rf\u00f6r kanske viktigare \u00e4n n\u00e5gonsin att granska bist\u00e5ndet \u2013 men ocks\u00e5 att ge en annan bild av v\u00e4rlden, s\u00e4ger David Isaksson.<\/p>\n<p>Vad \u00e4r en bra bist\u00e5ndsgranskning?<\/p>\n<p>I intervjun med FUF i samband med priset f\u00e5r David Isaksson ocks\u00e5 flera fr\u00e5gor kring hur det \u00e4r att granska bist\u00e5ndet.<\/p>\n<p><strong>Vad \u00e4r nyckeln till en riktigt bra bist\u00e5ndsgranskning?<\/strong><br \/>\u2013 Det kan l\u00e5ta lite tr\u00e5kigt, men v\u00e4ldigt mycket handlar om att beg\u00e4ra ut och l\u00e4sa stora m\u00e4ngder dokument. Det sv\u00e5ra \u00e4r inte s\u00e4llan att veta vad man ska beg\u00e4ra fram. Det \u00e4r d\u00e4rf\u00f6r det \u00e4r s\u00e5 otroligt viktigt att personer har f\u00f6rtroende f\u00f6r v\u00e5rt arbete och tipsar oss. Sen \u00e4r det s\u00e5 numera att b\u00e5de Sida och UD i allt h\u00f6gre grad f\u00f6rs\u00f6ker undvika att skriftligt dokumentera det som sker fram till ett beslut. Sedan g\u00e4ller det att vara saklig och faktabaserad. \u00c5sikter h\u00f6r hemma i debatt eller analyser. En bra granskning talar fakta ofta f\u00f6r sig sj\u00e4lvt.<\/p>\n<p>\u2013 Jag vill understryka att vi i allt detta har vi stor hj\u00e4lp av personer som tipsar oss och d\u00e4rf\u00f6r vill jag p\u00e5minna om det skydd som finns i grundlagen. Meddelarfriheten inneb\u00e4r att alla statligt anst\u00e4llda har r\u00e4tt att tala med media. Det \u00e4r brottsligt f\u00f6r myndigheten att efterforska vem som talar med media. Vi som journalister har ocks\u00e5 skyldighet att skydda v\u00e5ra k\u00e4llor s\u00e5 man kan alltid vara trygg i kontakten med oss.<\/p>\n<p>Vill du ocks\u00e5 st\u00f6dja granskande journalistik?<\/p>\n<p>Global Bar Magazine har inga bidrag eller statliga pengar. Det \u00e4r genom ideellt arbete, prenumeration och annonser som tidningen kan ges ut. <a href=\"https:\/\/globalbar.se\/prenumerera-pa-varlden\/\" rel=\"nofollow noopener\" target=\"_blank\">\u00c4r du inte redan prenumerant s\u00e5 bli det nu.<\/a><\/p>\n<p><strong>Redaktionen<\/strong><\/p>\n<p>L\u00e4s ocks\u00e5<\/p>\n","protected":false},"excerpt":{"rendered":"Global Bar Magazines chefredakt\u00f6r David Isaksson f\u00e5r \u00e5rets FUF-pris 2025 fr\u00e5n organisationen\u00a0F\u00f6reningen f\u00f6r utvecklingsfr\u00e5gor (FUF).\u2013\u00a0Det k\u00e4nns otroligt roligt!&hellip;\n","protected":false},"author":2,"featured_media":119226,"comment_status":"","ping_status":"","sticky":false,"template":"","format":"standard","meta":{"footnotes":""},"categories":[12],"tags":[22,23,26,27,17,21,24,25,28,29,15,16,18,34,31,33,32,30,19,20],"class_list":{"0":"post-119225","1":"post","2":"type-post","3":"status-publish","4":"format-standard","5":"has-post-thumbnail","7":"category-sverige","8":"tag-breaking-news","9":"tag-breakingnews","10":"tag-featured-news","11":"tag-featurednews","12":"tag-headlines","13":"tag-huvudnyheter","14":"tag-latest-news","15":"tag-latestnews","16":"tag-main-news","17":"tag-mainnews","18":"tag-news","19":"tag-nyheter","20":"tag-rubriker","21":"tag-se","22":"tag-svenska","23":"tag-sverige","24":"tag-sweden","25":"tag-swedish","26":"tag-top-stories","27":"tag-topstories"},"share_on_mastodon":{"url":"https:\/\/pubeurope.com\/@se\/115797067270617718","error":""},"_links":{"self":[{"href":"https:\/\/www.europesays.com\/se\/wp-json\/wp\/v2\/posts\/119225","targetHints":{"allow":["GET"]}}],"collection":[{"href":"https:\/\/www.europesays.com\/se\/wp-json\/wp\/v2\/posts"}],"about":[{"href":"https:\/\/www.europesays.com\/se\/wp-json\/wp\/v2\/types\/post"}],"author":[{"embeddable":true,"href":"https:\/\/www.europesays.com\/se\/wp-json\/wp\/v2\/users\/2"}],"replies":[{"embeddable":true,"href":"https:\/\/www.europesays.com\/se\/wp-json\/wp\/v2\/comments?post=119225"}],"version-history":[{"count":0,"href":"https:\/\/www.europesays.com\/se\/wp-json\/wp\/v2\/posts\/119225\/revisions"}],"wp:featuredmedia":[{"embeddable":true,"href":"https:\/\/www.europesays.com\/se\/wp-json\/wp\/v2\/media\/119226"}],"wp:attachment":[{"href":"https:\/\/www.europesays.com\/se\/wp-json\/wp\/v2\/media?parent=119225"}],"wp:term":[{"taxonomy":"category","embeddable":true,"href":"https:\/\/www.europesays.com\/se\/wp-json\/wp\/v2\/categories?post=119225"},{"taxonomy":"post_tag","embeddable":true,"href":"https:\/\/www.europesays.com\/se\/wp-json\/wp\/v2\/tags?post=119225"}],"curies":[{"name":"wp","href":"https:\/\/api.w.org\/{rel}","templated":true}]}}