{"id":119227,"date":"2025-12-28T11:56:45","date_gmt":"2025-12-28T11:56:45","guid":{"rendered":"https:\/\/www.europesays.com\/se\/119227\/"},"modified":"2025-12-28T11:56:45","modified_gmt":"2025-12-28T11:56:45","slug":"kvinnan-som-forsvann-i-salem-ar-dod-person-misstankt-for-mord","status":"publish","type":"post","link":"https:\/\/www.europesays.com\/se\/119227\/","title":{"rendered":"Kvinnan som f\u00f6rsvann i Salem \u00e4r d\u00f6d \u2013 person misst\u00e4nkt f\u00f6r mord"},"content":{"rendered":"<p>Den f\u00f6rsvunna kvinnan i 25-\u00e5rs\u00e5ldern i R\u00f6nninge \u00e4r d\u00f6d, uppger polisen p\u00e5 en presskonferens. En person \u00e4r anh\u00e5llen och misst\u00e4nks p\u00e5 sannolika sk\u00e4l f\u00f6r mord. Ytterligare en person \u00e4r anh\u00e5llen sk\u00e4ligen misst\u00e4nkt f\u00f6r m\u00e4nniskorov.<\/p>\n<p>\u2013 Kvinnan \u00e4r hittad av oss, s\u00e4ger polisens kommenderingschef Max \u00c5kervall.<\/p>\n<p>Kvinnan har varit saknad sedan natten mellan juldagen och annandagen och anm\u00e4ldes f\u00f6rsvunnen av anh\u00f6riga.<\/p>\n<p>En stor s\u00f6kinsats p\u00e5gick under tre dygn. Resurser som helikopter, kriminaltekniker och hundpatrull har varit inblandade.<\/p>\n","protected":false},"excerpt":{"rendered":"Den f\u00f6rsvunna kvinnan i 25-\u00e5rs\u00e5ldern i R\u00f6nninge \u00e4r d\u00f6d, uppger polisen p\u00e5 en presskonferens. En person \u00e4r anh\u00e5llen&hellip;\n","protected":false},"author":2,"featured_media":793,"comment_status":"","ping_status":"","sticky":false,"template":"","format":"standard","meta":{"footnotes":""},"categories":[5],"tags":[22,23,26,27,17,21,24,25,28,29,15,16,18,34,31,33,32,30,19,20],"class_list":{"0":"post-119227","1":"post","2":"type-post","3":"status-publish","4":"format-standard","5":"has-post-thumbnail","7":"category-rubriker","8":"tag-breaking-news","9":"tag-breakingnews","10":"tag-featured-news","11":"tag-featurednews","12":"tag-headlines","13":"tag-huvudnyheter","14":"tag-latest-news","15":"tag-latestnews","16":"tag-main-news","17":"tag-mainnews","18":"tag-news","19":"tag-nyheter","20":"tag-rubriker","21":"tag-se","22":"tag-svenska","23":"tag-sverige","24":"tag-sweden","25":"tag-swedish","26":"tag-top-stories","27":"tag-topstories"},"share_on_mastodon":{"url":"https:\/\/pubeurope.com\/@se\/115797071186652720","error":""},"_links":{"self":[{"href":"https:\/\/www.europesays.com\/se\/wp-json\/wp\/v2\/posts\/119227","targetHints":{"allow":["GET"]}}],"collection":[{"href":"https:\/\/www.europesays.com\/se\/wp-json\/wp\/v2\/posts"}],"about":[{"href":"https:\/\/www.europesays.com\/se\/wp-json\/wp\/v2\/types\/post"}],"author":[{"embeddable":true,"href":"https:\/\/www.europesays.com\/se\/wp-json\/wp\/v2\/users\/2"}],"replies":[{"embeddable":true,"href":"https:\/\/www.europesays.com\/se\/wp-json\/wp\/v2\/comments?post=119227"}],"version-history":[{"count":0,"href":"https:\/\/www.europesays.com\/se\/wp-json\/wp\/v2\/posts\/119227\/revisions"}],"wp:featuredmedia":[{"embeddable":true,"href":"https:\/\/www.europesays.com\/se\/wp-json\/wp\/v2\/media\/793"}],"wp:attachment":[{"href":"https:\/\/www.europesays.com\/se\/wp-json\/wp\/v2\/media?parent=119227"}],"wp:term":[{"taxonomy":"category","embeddable":true,"href":"https:\/\/www.europesays.com\/se\/wp-json\/wp\/v2\/categories?post=119227"},{"taxonomy":"post_tag","embeddable":true,"href":"https:\/\/www.europesays.com\/se\/wp-json\/wp\/v2\/tags?post=119227"}],"curies":[{"name":"wp","href":"https:\/\/api.w.org\/{rel}","templated":true}]}}