{"id":119228,"date":"2025-12-28T12:01:17","date_gmt":"2025-12-28T12:01:17","guid":{"rendered":"https:\/\/www.europesays.com\/se\/119228\/"},"modified":"2025-12-28T12:01:17","modified_gmt":"2025-12-28T12:01:17","slug":"okanda-regelandringen-leder-till-utvisning-av-etablerade-invandrare","status":"publish","type":"post","link":"https:\/\/www.europesays.com\/se\/119228\/","title":{"rendered":"Ok\u00e4nda regel\u00e4ndringen leder till utvisning av etablerade invandrare"},"content":{"rendered":"<p>Under h\u00f6sten har ett antal fall f\u00e5tt stor uppm\u00e4rksamhet, m\u00e4nniskor som talar svenska, har fasta anst\u00e4llningar och \u00e4r integrerade i samh\u00e4llet men \u00e4nd\u00e5 st\u00e5r inf\u00f6r att beh\u00f6va l\u00e4mna landet. Migrationsverkets r\u00e4ttschef <strong>Carl Bexelius<\/strong> konstaterar att myndigheten hanterar m\u00e5nga liknande \u00e4renden just nu och att den \u00f6kade m\u00e4ngden beslut \u00e4r en direkt f\u00f6ljd av regeringens nya migrationspolitiska reformer.<\/p>\n<p>Han pekar framf\u00f6r allt p\u00e5 det sk\u00e4rpta l\u00f6nekravet f\u00f6r arbetstillst\u00e5nd men en annan central f\u00f6r\u00e4ndring \u00e4r avskaffandet av sp\u00e5rbytet. M\u00f6jligheten f\u00f6r en person med avslag p\u00e5 sin asylans\u00f6kan att s\u00f6ka arbetstillst\u00e5nd utan att l\u00e4mna landet \u00e4r numera borta. Det ber\u00f6r \u00e4ven dem som l\u00e4nge haft arbetstillst\u00e5nd i Sverige, d\u00e5 de nu m\u00e5ste resa ut f\u00f6r att ans\u00f6ka om ett nytt tillst\u00e5nd. <\/p>\n<p>\u201cDet blev en v\u00e4ldigt omedelbar effekt f\u00f6r v\u00e4ldigt m\u00e5nga,\u201d s\u00e4ger Carl Bexelius till <a href=\"https:\/\/www.aftonbladet.se\/nyheter\/a\/pBgyo6\/darfor-utvisas-sa-manga-fran-sverige-just-nu\" rel=\"nofollow noopener\" target=\"_blank\">Aftonbladet<\/a>.<\/p>\n<p>Tusentals riskerar att l\u00e4mna<\/p>\n<p>Tusentals personer riskerar att tvingas l\u00e4mna Sverige efter att sp\u00e5rbytet slopats. Tre av dem har <a href=\"https:\/\/www.aftonbladet.se\/nyheter\/a\/2p1GpB\/familjen-i-norsjo-hotas-av-utvisning-till-iran\" rel=\"nofollow noopener\" target=\"_blank\">Aftonbladet<\/a> rapporterat om: <strong>Sara <\/strong>och <strong>Farhood <\/strong>och deras 13-\u00e5riga son <strong>Parham<\/strong>.<\/p>\n<p>\u201cVi har gjort allt r\u00e4tt. L\u00e4rt oss svenska, jobbat, k\u00f6pt hus, klarat oss sj\u00e4lva\u201d, s\u00e4ger Sara.<\/p>\n<p>Sara, Farhood och Parham flydde fr\u00e5n Iran till Sverige 2018 f\u00f6r att de \u00e4r kristna. De fick avslag p\u00e5 sin asylans\u00f6kan och gjorde det som kallas sp\u00e5rbytet och ans\u00f6kte om arbetstillst\u00e5nd i st\u00e4llet. De har sedan dess studerat, l\u00e4rt sig svenska och f\u00e5tt jobb, v\u00e4nner och ett sammanhang i Norsj\u00f6 i V\u00e4sterbotten.<\/p>\n<p>N\u00e4r sp\u00e5rbytet inte l\u00e4ngre finns kvar m\u00e5ste de l\u00e4mna landet. Lagen s\u00e4ger att de m\u00e5ste ans\u00f6ka om ett nytt arbetstillst\u00e5nd fr\u00e5n Iran och att \u00e5ka tillbaka kan inneb\u00e4ra livsfara. Migrationsverket har meddelat att de ska f\u00e5 en ny asylpr\u00f6vning. Under tiden f\u00e5r de inte arbeta och pingsf\u00f6rsamligen de \u00e4r med i har startat en insamling till dem.<\/p>\n<p>Flera politiker fr\u00e5n Norsj\u00f6 kommun har \u00e4ven skrivit under ett \u00f6ppet brev till regeringen om \u201ddet slopade sp\u00e5rbytets konsekvenser\u201d.<\/p>\n<p>\u201cJag blev kristdemokrat f\u00f6r att ideologin bygger p\u00e5 m\u00e4nniskov\u00e4rde, medm\u00e4nsklighet och solidaritet. Det h\u00e4r strider mot det. Jag f\u00f6rst\u00e5r inte hur man inte s\u00e5g vilka konsekvenser det h\u00e4r skulle f\u00e5\u201d, s\u00e4ger <strong>Lars-\u00c5ke Holmgren<\/strong> (KD), som \u00e4r en av politikerna som skrivit under .<\/p>\n<p><img loading=\"lazy\" decoding=\"async\" width=\"1024\" height=\"576\" src=\"https:\/\/www.europesays.com\/se\/wp-content\/uploads\/2025\/12\/YlKXEs6u-Migrationsverket-1024x576.jpg\" alt=\"\" class=\"wp-image-1166106\"  \/>Migrationsverkets r\u00e4ttschef <strong>Carl Bexelius<\/strong> konstaterar att myndigheten hanterar m\u00e5nga liknande \u00e4renden just nu och att den \u00f6kade m\u00e4ngden beslut \u00e4r en direkt f\u00f6ljd av regeringens nya migrationspolitiska reformer. (Foto: Fredrik Sandberg\/TT)<\/p>\n","protected":false},"excerpt":{"rendered":"Under h\u00f6sten har ett antal fall f\u00e5tt stor uppm\u00e4rksamhet, m\u00e4nniskor som talar svenska, har fasta anst\u00e4llningar och \u00e4r&hellip;\n","protected":false},"author":2,"featured_media":119229,"comment_status":"","ping_status":"","sticky":false,"template":"","format":"standard","meta":{"footnotes":""},"categories":[65],"tags":[11888,72,70,71,3833,4415,369,34,11889,31,33,32,30,12738],"class_list":{"0":"post-119228","1":"post","2":"type-post","3":"status-publish","4":"format-standard","5":"has-post-thumbnail","7":"category-ekonomi","8":"tag-asyl","9":"tag-business","10":"tag-economy","11":"tag-ekonomi","12":"tag-invandring","13":"tag-migrationsverket","14":"tag-politik","15":"tag-se","16":"tag-sparbyte","17":"tag-svenska","18":"tag-sverige","19":"tag-sweden","20":"tag-swedish","21":"tag-tidopartier"},"share_on_mastodon":{"url":"https:\/\/pubeurope.com\/@se\/115797091048581833","error":""},"_links":{"self":[{"href":"https:\/\/www.europesays.com\/se\/wp-json\/wp\/v2\/posts\/119228","targetHints":{"allow":["GET"]}}],"collection":[{"href":"https:\/\/www.europesays.com\/se\/wp-json\/wp\/v2\/posts"}],"about":[{"href":"https:\/\/www.europesays.com\/se\/wp-json\/wp\/v2\/types\/post"}],"author":[{"embeddable":true,"href":"https:\/\/www.europesays.com\/se\/wp-json\/wp\/v2\/users\/2"}],"replies":[{"embeddable":true,"href":"https:\/\/www.europesays.com\/se\/wp-json\/wp\/v2\/comments?post=119228"}],"version-history":[{"count":0,"href":"https:\/\/www.europesays.com\/se\/wp-json\/wp\/v2\/posts\/119228\/revisions"}],"wp:featuredmedia":[{"embeddable":true,"href":"https:\/\/www.europesays.com\/se\/wp-json\/wp\/v2\/media\/119229"}],"wp:attachment":[{"href":"https:\/\/www.europesays.com\/se\/wp-json\/wp\/v2\/media?parent=119228"}],"wp:term":[{"taxonomy":"category","embeddable":true,"href":"https:\/\/www.europesays.com\/se\/wp-json\/wp\/v2\/categories?post=119228"},{"taxonomy":"post_tag","embeddable":true,"href":"https:\/\/www.europesays.com\/se\/wp-json\/wp\/v2\/tags?post=119228"}],"curies":[{"name":"wp","href":"https:\/\/api.w.org\/{rel}","templated":true}]}}