{"id":119230,"date":"2025-12-28T12:03:09","date_gmt":"2025-12-28T12:03:09","guid":{"rendered":"https:\/\/www.europesays.com\/se\/119230\/"},"modified":"2025-12-28T12:03:09","modified_gmt":"2025-12-28T12:03:09","slug":"debatt-sveriges-ob-sa-bygger-foretagen-motstandskraft","status":"publish","type":"post","link":"https:\/\/www.europesays.com\/se\/119230\/","title":{"rendered":"DEBATT: Sveriges \u00d6B: S\u00e5 bygger f\u00f6retagen motst\u00e5ndskraft"},"content":{"rendered":"<p>2025 blev \u00e5ret d\u00e5 illusionerna tog slut. Den milit\u00e4ra hotbilden mot Europa sk\u00e4rptes ytterligare och Rysslands brutala angreppskrig mot Ukraina gick in i en ny fas d\u00e4r of\u00f6ruts\u00e4gbarhet blivit ett strategiskt vapen.<\/p>\n<p>Debattserie: Min \u00f6nskan<\/p>\n<p>Under vinjetten Min \u00f6nskan skriver ett antal ledande beslutsfattare om sina tankar inf\u00f6r 2026.<\/p>\n<p>Samtidigt \u00f6kade antalet cyberangrepp, sabotage, psykologiska operationer och ekonomiska p\u00e5tryckningar mot v\u00e4st. Syftet \u00e4r glasklart: att pr\u00f6va v\u00e5r sammanh\u00e5llning, underminera tilliten och driva upp kostnaderna f\u00f6r det \u00f6ppna och robusta samh\u00e4llet.<\/p>\n<blockquote class=\"quote\"><p>\u201dVi befinner oss i f\u00f6rkrigstid \u2013 och i f\u00f6rkrigstid avg\u00f6rs framtiden.\u201d<\/p><\/blockquote>\n<p><strong>Sverige \u00e4r inte i krig.<\/strong> Men vi \u00e4r inte heller i fred. Vi befinner oss i f\u00f6rkrigstid \u2013 och i f\u00f6rkrigstid avg\u00f6rs framtiden, innan f\u00f6rsta skottet avlossas. Betydelsen av utfallet i Ukraina \u2013 och processen kring en fredsplan \u2013 kan inte \u00f6verskattas. Det \u00e4r inte bara Ukrainas \u00f6de som avg\u00f6rs, utan hela Europas s\u00e4kerhetsordning. Det inneb\u00e4r att \u00e4ven det vi g\u00f6r, h\u00e4r och nu i Sverige, har betydelse. Ryssland bed\u00f6mer inte bara v\u00e5r milit\u00e4ra f\u00f6rm\u00e5ga utan ocks\u00e5 v\u00e5r uth\u00e5llighet, v\u00e5r industriella bas, v\u00e5r f\u00f6rm\u00e5ga att fatta beslut som h\u00e5ller \u00f6ver tid och v\u00e5r vilja att f\u00f6rsvara v\u00e5ra v\u00e4rden.<\/p>\n<p>Med v\u00e5rt intr\u00e4de i Nato har Sveriges s\u00e4kerhet blivit en del av en st\u00f6rre helhet, och v\u00e5ra \u00e5taganden \u00e4r en del av ett gemensamt f\u00f6rsvar. Det inneb\u00e4r att svensk milit\u00e4r f\u00f6rm\u00e5ga, svensk industriell kapacitet, och svenskt civilt f\u00f6rsvar nu \u00e4r pusselbitar i en allians. Nato st\u00e4rker oss. Och vi st\u00e4rker Nato. Men ett land som inte kan st\u00e5 emot p\u00e5 hemmaplan kan inte heller bidra till alliansen. D\u00e4rf\u00f6r blir motst\u00e5ndskraft, uth\u00e5llighet och robusthet lika mycket Natofr\u00e5gor som nationella fr\u00e5gor.<\/p>\n<blockquote class=\"quote\"><p>\u201dMotst\u00e5ndskraften i f\u00f6retag, industri och infrastruktur \u00e4r alla v\u00e4sentliga delar av s\u00e4kerheten.\u201d<\/p><\/blockquote>\n<p>Totalf\u00f6rsvaret \u00e4r en aff\u00e4rskritisk infrastruktur f\u00f6r Sverige. Totalf\u00f6rsvaret \u00e4r grunden f\u00f6r Sveriges f\u00f6rm\u00e5ga att st\u00e5 starkt n\u00e4r det g\u00e4ller som mest. Ett l\u00f6fte mellan staten, medborgarna och n\u00e4ringslivet: att tillsammans b\u00e4ra ansvar n\u00e4r det beh\u00f6vs som mest. Det \u00e4r h\u00e4r helheten avg\u00f6r. Det milit\u00e4ra f\u00f6rsvaret kan st\u00e5 redo, men om inte det civila f\u00f6rsvaret i \u00f6vrigt h\u00e5ller \u2013 om energin stannar, om digitala system sl\u00e4cks eller om logistiken bryter samman \u2013 d\u00e5 finns snart inget kvar att f\u00f6rsvara.<\/p>\n<p><strong>Motst\u00e5ndskraften i f\u00f6retag,<\/strong> industri och infrastruktur \u00e4r alla v\u00e4sentliga delar av s\u00e4kerheten. Det \u00e4r sj\u00e4lva fundamentet. I Sverige har vi alltid byggt styrka genom bredd, samarbete och uth\u00e5llighet. Det \u00e4r en del av v\u00e5rt DNA. Idag handlar det om att g\u00f6ra samma sak men under de tuffaste f\u00f6ruts\u00e4ttningarna sedan kalla kriget.<\/p>\n<blockquote class=\"quote\"><p>\u201dSveriges s\u00e4kerhet kr\u00e4ver att investeringar, \u00e4garbeslut och strategier i n\u00e4ringslivet utg\u00e5r fr\u00e5n s\u00e4kerhetspolitiska realiteter.\u201d<\/p><\/blockquote>\n<p>Sverige beh\u00f6ver motst\u00e5ndskraft i hela samh\u00e4llet \u2013 fr\u00e5n kommuner och regioner till b\u00f6rsbolag, \u00e4gare och investerare. Men ocks\u00e5 kulturb\u00e4rare. Kulturens roll i samh\u00e4llet, inte minst i h\u00e4ndelse av en kris eller ett krig kommer att ha en stor roll f\u00f6r f\u00f6rsvarsviljan och motst\u00e5ndskraften. F\u00f6r att svensk s\u00e4kerhet ska \u00f6ka i praktiken kr\u00e4vs n\u00e4sta steg: 2026 m\u00e5ste bli \u00e5ret d\u00e5 n\u00e4ringslivet kliver fram ytterligare.<\/p>\n<p>Under l\u00e5ng tid undvek kapitalmarknaden f\u00f6rsvars- och s\u00e4kerhetssektorn av etiska, politiska eller aff\u00e4rsm\u00e4ssiga sk\u00e4l. Den tiden \u00e4r \u00f6ver. Men om Sveriges s\u00e4kerhet ska st\u00e4rkas i praktiken kr\u00e4vs n\u00e4sta steg: Att investeringar, \u00e4garbeslut och strategier i n\u00e4ringslivet utg\u00e5r fr\u00e5n s\u00e4kerhetspolitiska realiteter.<\/p>\n<blockquote class=\"quote\"><p>\u201dF\u00f6retag som planerar f\u00f6r l\u00e4ngre st\u00f6rningar, parallella hotscenarier och snabba omst\u00e4llningar kommer att vara de som st\u00e5r kvar.\u201d<\/p><\/blockquote>\n<p><strong>V\u00e5r \u00f6nskan inf\u00f6r 2026 \u00e4r d\u00e4rf\u00f6r:<\/strong><\/p>\n<p><strong>1. Att engagemanget f\u00f6r totalf\u00f6rsvaret genomsyrar hela samh\u00e4llet. <br \/><\/strong>Det \u00e4r nu tankem\u00f6nstren m\u00e5ste skifta: s\u00e4kerhet \u00e4r en f\u00f6ruts\u00e4ttning f\u00f6r \u00f6verlevnad.<\/p>\n<p><strong>2. Att kriget dimensionerar svensk planering, \u00e4ven i n\u00e4ringslivet och i kulturlivet.<br \/><\/strong>Cyberangrepp, logistikavbrott, energiavbrott och desinformation p\u00e5verkar redan aff\u00e4rsvillkoren. F\u00f6retag som planerar f\u00f6r l\u00e4ngre st\u00f6rningar, parallella hotscenarier och snabba omst\u00e4llningar kommer att vara de som st\u00e5r kvar \u2013 och de som g\u00f6r Sverige starkare.<\/p>\n<p><strong>3. Att varje m\u00e4nniska i Sverige f\u00f6rst\u00e5r sin roll. <br \/><\/strong>Motst\u00e5ndskraft b\u00f6rjar i hemmet, p\u00e5 arbetsplatsen och i f\u00f6reningen. En kris eller ett krig drabbar oss alla \u2013 och ansvaret delas av alla. Den mentala beredskapen \u00e4r lika viktig som den materiella.<\/p>\n<p>I september presenterade vi \u201d<a href=\"https:\/\/www.msb.se\/sv\/aktuellt\/nyheter\/2025\/september\/nya-utgangspunkter-for-totalforsvaret\/\" rel=\"nofollow noopener\" target=\"_blank\">Utg\u00e5ngspunkter f\u00f6r totalf\u00f6rsvaret 2025\u20132030<\/a> \u2013 en gemensam ram f\u00f6r hur Sverige ska rusta mot ett v\u00e4pnat angrepp mot v\u00e5rt land eller v\u00e5ra allierade\u201d. Dokumentet ger en gemensam riktning f\u00f6r stat, regioner, kommuner och f\u00f6retag. Det \u00e4r en plan f\u00f6r att h\u00e5lla kriget borta. L\u00e4s den och oms\u00e4tt den till den egna verksamheten. Vi vill att det blir en riktning. F\u00f6r dig, f\u00f6r oss och alla som har ett ansvar att bygga motst\u00e5ndskraft.<\/p>\n<p>Motst\u00e5ndskraft som \u00e4r s\u00e5 stark att den h\u00e5ller kriget borta.<\/p>\n<p><strong>Michael Claesson<\/strong>, \u00f6verbef\u00e4lhavare <br \/><strong>Mikael Frisell, <\/strong>generaldirekt\u00f6r f\u00f6r Myndigheten f\u00f6r civilt f\u00f6rsvar<\/p>\n","protected":false},"excerpt":{"rendered":"2025 blev \u00e5ret d\u00e5 illusionerna tog slut. Den milit\u00e4ra hotbilden mot Europa sk\u00e4rptes ytterligare och Rysslands brutala angreppskrig&hellip;\n","protected":false},"author":2,"featured_media":119231,"comment_status":"","ping_status":"","sticky":false,"template":"","format":"standard","meta":{"footnotes":""},"categories":[12],"tags":[22,23,26,27,17,21,24,25,28,29,15,16,18,34,31,33,32,30,19,20],"class_list":{"0":"post-119230","1":"post","2":"type-post","3":"status-publish","4":"format-standard","5":"has-post-thumbnail","7":"category-sverige","8":"tag-breaking-news","9":"tag-breakingnews","10":"tag-featured-news","11":"tag-featurednews","12":"tag-headlines","13":"tag-huvudnyheter","14":"tag-latest-news","15":"tag-latestnews","16":"tag-main-news","17":"tag-mainnews","18":"tag-news","19":"tag-nyheter","20":"tag-rubriker","21":"tag-se","22":"tag-svenska","23":"tag-sverige","24":"tag-sweden","25":"tag-swedish","26":"tag-top-stories","27":"tag-topstories"},"share_on_mastodon":{"url":"https:\/\/pubeurope.com\/@se\/115797098774531193","error":""},"_links":{"self":[{"href":"https:\/\/www.europesays.com\/se\/wp-json\/wp\/v2\/posts\/119230","targetHints":{"allow":["GET"]}}],"collection":[{"href":"https:\/\/www.europesays.com\/se\/wp-json\/wp\/v2\/posts"}],"about":[{"href":"https:\/\/www.europesays.com\/se\/wp-json\/wp\/v2\/types\/post"}],"author":[{"embeddable":true,"href":"https:\/\/www.europesays.com\/se\/wp-json\/wp\/v2\/users\/2"}],"replies":[{"embeddable":true,"href":"https:\/\/www.europesays.com\/se\/wp-json\/wp\/v2\/comments?post=119230"}],"version-history":[{"count":0,"href":"https:\/\/www.europesays.com\/se\/wp-json\/wp\/v2\/posts\/119230\/revisions"}],"wp:featuredmedia":[{"embeddable":true,"href":"https:\/\/www.europesays.com\/se\/wp-json\/wp\/v2\/media\/119231"}],"wp:attachment":[{"href":"https:\/\/www.europesays.com\/se\/wp-json\/wp\/v2\/media?parent=119230"}],"wp:term":[{"taxonomy":"category","embeddable":true,"href":"https:\/\/www.europesays.com\/se\/wp-json\/wp\/v2\/categories?post=119230"},{"taxonomy":"post_tag","embeddable":true,"href":"https:\/\/www.europesays.com\/se\/wp-json\/wp\/v2\/tags?post=119230"}],"curies":[{"name":"wp","href":"https:\/\/api.w.org\/{rel}","templated":true}]}}